{"id":15409,"date":"2011-05-17T12:29:52","date_gmt":"2011-05-17T15:29:52","guid":{"rendered":"http:\/\/www.r2cpress.com.br\/v1\/?p=15409"},"modified":"2011-05-17T13:52:07","modified_gmt":"2011-05-17T16:52:07","slug":"nota-de-falecimento-18","status":"publish","type":"post","link":"https:\/\/www.r2cpress.com.br\/v1\/2011\/05\/17\/nota-de-falecimento-18\/","title":{"rendered":"Nota de Falecimento"},"content":{"rendered":"<p><strong>Nena<\/strong>, m\u00e3e de <strong>Naiana <\/strong>(minha filha) faleceu hoje \u00e0s 5h30, na UTI do Hospital Regional.<br \/>\nO corpo est\u00e1 sendo velado na capelinha do cemit\u00e9rio S\u00e3o Jo\u00e3o Batista (Pontal).<br \/>\n<strong>O sepultamento acontecer\u00e1 no mesmo cemit\u00e9rio \u00e0s 16h30.<\/strong><br \/>\n&#8212;<br \/>\nQuero, aqui, deixar registrado os meus sinceros agradecimentos ao pessoal do hospital Regional (m\u00e9dicos, assistentes sociais, psic\u00f3logos, enfermeiras, atendentes, ao pessoal do corpo administrativo), enfim, todos que cuidaram de Nena at\u00e9 o momento da &#8216;passagem&#8217;.<\/p>\n<p>Solicito ao amigo <strong>GIL LEAL<\/strong> que transmita esses agradecimentos por saber (era informado regularmente sobre o quadro) que tudo foi feito e por entender que quando DEUS chama \u00e9 porque ELE sabe o que faz &#8230;<br \/>\nPor isso, querido e sempre amigo GIL, segue daqui um caminh\u00e3o de beijos para voc\u00ea fazer essa distribui\u00e7\u00e3o.<\/p>\n<p>Foi muito legal o que voc\u00eas da\u00ed fizeram.<\/p>\n<p>Um beij\u00e3o e fiquem com <strong>DEUS <\/strong>(Sempre!).<br \/>\nRabat.<\/p>\n<p>&#8212;<br \/>\nPS. Agora vou recarregar as baterias pra amparar Naiana. O site vai dar uma paradinha mas, no come\u00e7o da noite a gente coloca algumas coisas aqui.<br \/>\nT\u00e9+<\/p>\n","protected":false},"excerpt":{"rendered":"<p>Nena, m\u00e3e de Naiana (minha filha) faleceu hoje \u00e0s 5h30, na UTI do Hospital Regional. O corpo est\u00e1 sendo velado na capelinha do cemit\u00e9rio S\u00e3o Jo\u00e3o Batista (Pontal). O sepultamento acontecer\u00e1 no mesmo cemit\u00e9rio \u00e0s 16h30. &#8212; Quero, aqui, deixar registrado os meus sinceros agradecimentos ao pessoal do hospital Regional (m\u00e9dicos, assistentes sociais, psic\u00f3logos, enfermeiras, [&hellip;]<\/p>\n","protected":false},"author":2,"featured_media":0,"comment_status":"open","ping_status":"open","sticky":false,"template":"","format":"standard","meta":{"_links_to":"","_links_to_target":""},"categories":[21],"tags":[],"_links":{"self":[{"href":"https:\/\/www.r2cpress.com.br\/v1\/wp-json\/wp\/v2\/posts\/15409"}],"collection":[{"href":"https:\/\/www.r2cpress.com.br\/v1\/wp-json\/wp\/v2\/posts"}],"about":[{"href":"https:\/\/www.r2cpress.com.br\/v1\/wp-json\/wp\/v2\/types\/post"}],"author":[{"embeddable":true,"href":"https:\/\/www.r2cpress.com.br\/v1\/wp-json\/wp\/v2\/users\/2"}],"replies":[{"embeddable":true,"href":"https:\/\/www.r2cpress.com.br\/v1\/wp-json\/wp\/v2\/comments?post=15409"}],"version-history":[{"count":6,"href":"https:\/\/www.r2cpress.com.br\/v1\/wp-json\/wp\/v2\/posts\/15409\/revisions"}],"predecessor-version":[{"id":15416,"href":"https:\/\/www.r2cpress.com.br\/v1\/wp-json\/wp\/v2\/posts\/15409\/revisions\/15416"}],"wp:attachment":[{"href":"https:\/\/www.r2cpress.com.br\/v1\/wp-json\/wp\/v2\/media?parent=15409"}],"wp:term":[{"taxonomy":"category","embeddable":true,"href":"https:\/\/www.r2cpress.com.br\/v1\/wp-json\/wp\/v2\/categories?post=15409"},{"taxonomy":"post_tag","embeddable":true,"href":"https:\/\/www.r2cpress.com.br\/v1\/wp-json\/wp\/v2\/tags?post=15409"}],"curies":[{"name":"wp","href":"https:\/\/api.w.org\/{rel}","templated":true}]}}