{"id":15420,"date":"2011-05-17T18:29:29","date_gmt":"2011-05-17T21:29:29","guid":{"rendered":"http:\/\/www.r2cpress.com.br\/v1\/?p=15420"},"modified":"2011-05-17T18:29:29","modified_gmt":"2011-05-17T21:29:29","slug":"os-prestadores-de-servicos-da-nossa-cidade","status":"publish","type":"post","link":"https:\/\/www.r2cpress.com.br\/v1\/2011\/05\/17\/os-prestadores-de-servicos-da-nossa-cidade\/","title":{"rendered":"Os prestadores de servi\u00e7os da nossa cidade"},"content":{"rendered":"<p>Rabat<\/p>\n<p>     N\u00e3o vou prolongar muito o texto abaixo, mais acabo de ler esta grande reportagem:<\/p>\n<p>Ilh\u00e9us intensifica servi\u00e7os de infra-estrutura na Cidade Nova<\/p>\n<p>http:\/\/www.jornalbahiaonline.com.br\/index.asp?noticia=12461<\/p>\n<p>Fonte: Bahia On Line<\/p>\n<p>     O que chamou aten\u00e7\u00e3o n\u00e3o foi \u00e0 reportagem em si, mas a foto que nela consta.<\/p>\n<p>     Basta andarmos pela nossa querida cidade para constatarmos o n\u00edvel das empresas que prestam servi\u00e7o em Ilh\u00e9us.<\/p>\n<p>     Na reportagem h\u00e1 uma prova concreta da irresponsabilidade inconseq\u00fcente em que se encontra nossa administra\u00e7\u00e3o publica.<\/p>\n<p>     \u00c9 inadmiss\u00edvel que as empresas terceirizadas n\u00e3o possuam a m\u00ednima preocupa\u00e7\u00e3o com a seguran\u00e7a pessoal de seus colaboradores. Isso serve tamb\u00e9m para os funcion\u00e1rios da prefeitura que trabalham na linha de frente de obras.<\/p>\n<p>     N\u00e3o h\u00e1 uniforme padr\u00e3o, personalizado com o nome da empresa, ate mesmo para identificarmos qual empresa est\u00e1 fazendo o que e aonde !?<\/p>\n<p>     Os funcion\u00e1rios n\u00e3o usam capacete, tem gente trabalhando de bermuda !!! E para uso de luvas, acho que nunca ouviram falar&#8230;<\/p>\n<p>       Mediante este retrato lament\u00e1vel conclu\u00edmos duas coisas:<\/p>\n<p>Ou o n\u00edvel das exig\u00eancias nas licita\u00e7\u00f5es \u00e9 muito ruim;<\/p>\n<p>Ou as exig\u00eancias existem, por\u00e9m as empresas ganhadoras dos processos licitat\u00f3rios n\u00e3o as cumprem;<\/p>\n<p>     Na segunda op\u00e7\u00e3o, com certeza consta na planilha de pre\u00e7os apresentada os custos de uniformes, de EPI\u00b4s, etc&#8230; por\u00e9m na realidade, a contratada n\u00e3o fornece a seus empregados. Neste caso, falta fiscaliza\u00e7\u00e3o, aplica\u00e7\u00e3o de multas e at\u00e9 rescis\u00e3o contratual !<\/p>\n<p>     Gostaria de saber se o minist\u00e9rio do trabalho e\/ou \u00f3rg\u00e3os competentes reguladores e fiscalizadores, v\u00e3o esperar ocorrer um acidente para tomar uma atitude. Se n\u00e3o j\u00e1 ocorreu e foi abafado.<\/p>\n<p>       Ilh\u00e9us trabalha na era da revolu\u00e7\u00e3o industrial, do final do s\u00e9culo XVIII, a foto demonstra o descaso com os trabalhadores e a incompet\u00eancia administrativa em que se encontra nossa cidade !<\/p>\n<p>       \u00c9 lament\u00e1vel !<\/p>\n<p>Ab\u00e7s;<br \/>\nRodrigo Lagu\u00e1rdia<\/p>\n","protected":false},"excerpt":{"rendered":"<p>Rabat N\u00e3o vou prolongar muito o texto abaixo, mais acabo de ler esta grande reportagem: Ilh\u00e9us intensifica servi\u00e7os de infra-estrutura na Cidade Nova http:\/\/www.jornalbahiaonline.com.br\/index.asp?noticia=12461 Fonte: Bahia On Line O que chamou aten\u00e7\u00e3o n\u00e3o foi \u00e0 reportagem em si, mas a foto que nela consta. Basta andarmos pela nossa querida cidade para constatarmos o n\u00edvel das [&hellip;]<\/p>\n","protected":false},"author":2,"featured_media":0,"comment_status":"open","ping_status":"open","sticky":false,"template":"","format":"standard","meta":{"_links_to":"","_links_to_target":""},"categories":[10],"tags":[],"_links":{"self":[{"href":"https:\/\/www.r2cpress.com.br\/v1\/wp-json\/wp\/v2\/posts\/15420"}],"collection":[{"href":"https:\/\/www.r2cpress.com.br\/v1\/wp-json\/wp\/v2\/posts"}],"about":[{"href":"https:\/\/www.r2cpress.com.br\/v1\/wp-json\/wp\/v2\/types\/post"}],"author":[{"embeddable":true,"href":"https:\/\/www.r2cpress.com.br\/v1\/wp-json\/wp\/v2\/users\/2"}],"replies":[{"embeddable":true,"href":"https:\/\/www.r2cpress.com.br\/v1\/wp-json\/wp\/v2\/comments?post=15420"}],"version-history":[{"count":2,"href":"https:\/\/www.r2cpress.com.br\/v1\/wp-json\/wp\/v2\/posts\/15420\/revisions"}],"predecessor-version":[{"id":15422,"href":"https:\/\/www.r2cpress.com.br\/v1\/wp-json\/wp\/v2\/posts\/15420\/revisions\/15422"}],"wp:attachment":[{"href":"https:\/\/www.r2cpress.com.br\/v1\/wp-json\/wp\/v2\/media?parent=15420"}],"wp:term":[{"taxonomy":"category","embeddable":true,"href":"https:\/\/www.r2cpress.com.br\/v1\/wp-json\/wp\/v2\/categories?post=15420"},{"taxonomy":"post_tag","embeddable":true,"href":"https:\/\/www.r2cpress.com.br\/v1\/wp-json\/wp\/v2\/tags?post=15420"}],"curies":[{"name":"wp","href":"https:\/\/api.w.org\/{rel}","templated":true}]}}