{"id":15423,"date":"2011-05-17T18:31:35","date_gmt":"2011-05-17T21:31:35","guid":{"rendered":"http:\/\/www.r2cpress.com.br\/v1\/?p=15423"},"modified":"2011-05-17T18:31:35","modified_gmt":"2011-05-17T21:31:35","slug":"forum-de-agentes-empreendedores-e-gestores-culturais","status":"publish","type":"post","link":"https:\/\/www.r2cpress.com.br\/v1\/2011\/05\/17\/forum-de-agentes-empreendedores-e-gestores-culturais\/","title":{"rendered":"F\u00d3RUM DE AGENTES, EMPREENDEDORES E GESTORES CULTURAIS"},"content":{"rendered":"<p>Ol\u00e1 Caros,<\/p>\n<p>O F\u00f3rum de Agentes, Empreendedores e Gestores Culturais do Territ\u00f3rio Litoral Sul- FAEG Sul- se re\u00fane na pr\u00f3xima quinta-feira, dia 19 de maio de 2011, \u00e0s 9h30 da manh\u00e3, na sede da AMURC, em Itabuna.<\/p>\n<p>A escolha dos novos dirigentes do F\u00f3rum, atr\u00e1v\u00e9s de vota\u00e7\u00e3o pelos seus membros participantes, ser\u00e1 o foco principal do encontro que ter\u00e1, tamb\u00e9m, em sua pauta, a apresenta\u00e7\u00e3o do FORTEATRO, Projeto contemplado pelo Minist\u00e9rio da Cultura.<\/p>\n<p>Para os que v\u00eam se ausentando dessa importante inst\u00e2ncia de discuss\u00e3o e intera\u00e7\u00e3o que \u00e9 o FAEG Sul, a reuni\u00e3o de quinta-feira ser\u00e1 um momento prop\u00edcio de retomada do Fazer Cultural.<\/p>\n<p>Aguardamos a presen\u00e7a de todos!<\/p>\n<p>Alessandra Barreto<br \/>\nSecret\u00e1ria FAEG SUL<br \/>\nPROEX\/UESC<\/p>\n<p>73  3680-5025<br \/>\n8859-7603<\/p>\n","protected":false},"excerpt":{"rendered":"<p>Ol\u00e1 Caros, O F\u00f3rum de Agentes, Empreendedores e Gestores Culturais do Territ\u00f3rio Litoral Sul- FAEG Sul- se re\u00fane na pr\u00f3xima quinta-feira, dia 19 de maio de 2011, \u00e0s 9h30 da manh\u00e3, na sede da AMURC, em Itabuna. A escolha dos novos dirigentes do F\u00f3rum, atr\u00e1v\u00e9s de vota\u00e7\u00e3o pelos seus membros participantes, ser\u00e1 o foco principal [&hellip;]<\/p>\n","protected":false},"author":2,"featured_media":0,"comment_status":"open","ping_status":"open","sticky":false,"template":"","format":"standard","meta":{"_links_to":"","_links_to_target":""},"categories":[5],"tags":[],"_links":{"self":[{"href":"https:\/\/www.r2cpress.com.br\/v1\/wp-json\/wp\/v2\/posts\/15423"}],"collection":[{"href":"https:\/\/www.r2cpress.com.br\/v1\/wp-json\/wp\/v2\/posts"}],"about":[{"href":"https:\/\/www.r2cpress.com.br\/v1\/wp-json\/wp\/v2\/types\/post"}],"author":[{"embeddable":true,"href":"https:\/\/www.r2cpress.com.br\/v1\/wp-json\/wp\/v2\/users\/2"}],"replies":[{"embeddable":true,"href":"https:\/\/www.r2cpress.com.br\/v1\/wp-json\/wp\/v2\/comments?post=15423"}],"version-history":[{"count":2,"href":"https:\/\/www.r2cpress.com.br\/v1\/wp-json\/wp\/v2\/posts\/15423\/revisions"}],"predecessor-version":[{"id":15425,"href":"https:\/\/www.r2cpress.com.br\/v1\/wp-json\/wp\/v2\/posts\/15423\/revisions\/15425"}],"wp:attachment":[{"href":"https:\/\/www.r2cpress.com.br\/v1\/wp-json\/wp\/v2\/media?parent=15423"}],"wp:term":[{"taxonomy":"category","embeddable":true,"href":"https:\/\/www.r2cpress.com.br\/v1\/wp-json\/wp\/v2\/categories?post=15423"},{"taxonomy":"post_tag","embeddable":true,"href":"https:\/\/www.r2cpress.com.br\/v1\/wp-json\/wp\/v2\/tags?post=15423"}],"curies":[{"name":"wp","href":"https:\/\/api.w.org\/{rel}","templated":true}]}}