{"id":15435,"date":"2011-05-17T19:10:34","date_gmt":"2011-05-17T22:10:34","guid":{"rendered":"http:\/\/www.r2cpress.com.br\/v1\/?p=15435"},"modified":"2011-05-17T19:10:34","modified_gmt":"2011-05-17T22:10:34","slug":"prefeitura-municipal-de-ilheus-132","status":"publish","type":"post","link":"https:\/\/www.r2cpress.com.br\/v1\/2011\/05\/17\/prefeitura-municipal-de-ilheus-132\/","title":{"rendered":"Prefeitura Municipal de Ilh\u00e9us"},"content":{"rendered":"<p><div id=\"attachment_15436\" style=\"width: 310px\" class=\"wp-caption alignnone\"><a href=\"http:\/\/www.r2cpress.com.br\/v1\/wp-content\/uploads\/PMI-17-05-2011.jpg\"><img aria-describedby=\"caption-attachment-15436\" loading=\"lazy\" src=\"http:\/\/www.r2cpress.com.br\/v1\/wp-content\/uploads\/PMI-17-05-2011-300x278.jpg\" alt=\"\" title=\"PMI 17 05 2011\" width=\"300\" height=\"278\" class=\"size-medium wp-image-15436\" srcset=\"https:\/\/www.r2cpress.com.br\/v1\/wp-content\/uploads\/PMI-17-05-2011-300x278.jpg 300w, https:\/\/www.r2cpress.com.br\/v1\/wp-content\/uploads\/PMI-17-05-2011.jpg 680w\" sizes=\"(max-width: 300px) 100vw, 300px\" \/><\/a><p id=\"caption-attachment-15436\" class=\"wp-caption-text\">A\u00c7\u00d5ES DA PREFEITURA DE ILH\u00c9US<\/p><\/div><br \/>\nAudi\u00eancia p\u00fablica amplia discuss\u00e3o  sobre melhorias no Aterro Sanit\u00e1rio<br \/>\nBaf\u00f4metros v\u00e3o auxiliar nas opera\u00e7\u00f5es conjuntas realizadas no tr\u00e2nsito de Ilh\u00e9us<br \/>\nIlh\u00e9us promove nesta quarta-feira Dia Nacional de Combate \u00e0 Viol\u00eancia Sexual<br \/>\nCidad\u00e3os podem consultar contas  da Prefeitura at\u00e9 o dia 31 de maio<br \/>\nMutir\u00e3o garante melhorias no Abrigo Feminino Renascer <\/p>\n<p><!--more--><\/p>\n<p>***<\/p>\n<p><strong>Audi\u00eancia p\u00fablica amplia discuss\u00e3o  sobre melhorias no Aterro Sanit\u00e1rio<\/strong><\/p>\n<p>Discutir e ajustar solu\u00e7\u00f5es visando a continuidade do projeto de requalifica\u00e7\u00e3o do Aterro Sanit\u00e1rio de Itariri s\u00e3o as principais finalidades da Audi\u00eancia P\u00fablica a ser realizada na pr\u00f3xima sexta-feira (20), \u00e0s 15 horas, no audit\u00f3rio da Justi\u00e7a Federal, centro de Ilh\u00e9us. A audi\u00eancia p\u00fablica \u00e9 promovida pela Prefeitura Municipal e na opini\u00e3o do prefeito Newton Lima, \u201c\u00e9 de fundamental import\u00e2ncia o envolvimento da sociedade civil organizada para debater solu\u00e7\u00f5es para a conclus\u00e3o desta a\u00e7\u00e3o, que proporcionar\u00e1 impactos socioambientais muito positivos para o munic\u00edpio e regi\u00e3o\u201d.<br \/>\nO evento conta ainda com a parceria da Companhia de Desenvolvimento Urbano do Estado da Bahia (Conder). Na semana passada, representantes do \u00f3rg\u00e3o participaram de um encontro no Pal\u00e1cio Paranagu\u00e1, juntamente com representantes do Instituto Brasileiro de Administra\u00e7\u00e3o Municipal (Ibam), da ONG Compromisso Empresarial com a Reciclagem (Cempre), o vice-prefeito de Ilh\u00e9us, M\u00e1rio Alexandre; os secret\u00e1rios Carlos Freitas (Desenvolvimento Urbano), Emenson Silva (Assist\u00eancia Social e Trabalho), o chefe de Gabinete, Jos\u00e9 Nazal Soub e o vereador Tarc\u00edsio Paix\u00e3o.<br \/>\nNa pauta da reuni\u00e3o a discuss\u00e3o sobre os avan\u00e7os no cronograma das a\u00e7\u00f5es emergenciais voltadas para a requalifica\u00e7\u00e3o do Aterro Sanit\u00e1rio. Entre as atividades previstas nesta nova etapa est\u00e3o a realiza\u00e7\u00e3o de capacita\u00e7\u00e3o para ordenamento e valoriza\u00e7\u00e3o da atividade no galp\u00e3o, o acompanhamento t\u00e9cnico e social dos catadores, a operacionaliza\u00e7\u00e3o do galp\u00e3o, entre outras atividades. Atualmente, cerca de 130 fam\u00edlias utilizam o aterro como fonte \u00fanica de renda. <\/p>\n<p><strong>Baf\u00f4metros v\u00e3o auxiliar nas opera\u00e7\u00f5es conjuntas realizadas no tr\u00e2nsito de Ilh\u00e9us<\/strong><\/p>\n<p>As opera\u00e7\u00f5es realizadas pela secretaria municipal de Seguran\u00e7a, Transporte e Tr\u00e2nsito contar\u00e3o em parceria com a Pol\u00edcia Militar e a 13\u00aa Circunscri\u00e7\u00e3o Regional de Tr\u00e2nsito (Ciretran) de Ilh\u00e9us contar\u00e3o, de agora em diante, com o suporte de tr\u00eas baf\u00f4metros. Os equipamentos enviados pelo Departamento Nacional de tr\u00e2nsito (Detran) da Bahia foram entregues na \u00faltima semana ao prefeito de Ilh\u00e9us, Newton Lima e ao secret\u00e1rio respons\u00e1vel pela pasta, Marcelo Barreto.<br \/>\nA aquisi\u00e7\u00e3o dos equipamentos fez parte da solicita\u00e7\u00e3o feita por Marcelo Barreto, durante audi\u00eancia com o diretor-geral em exerc\u00edcio do Detran, Jo\u00e3o Maur\u00edcio Botelho de Queiroz, no in\u00edcio do m\u00eas. Ap\u00f3s a chegada dos aparelhos, o pr\u00f3ximo passo, segundo Marcelo Barreto, \u00e9 agendar o treinamento para todo o quadro de pessoal envolvido nas opera\u00e7\u00f5es. \u201cA realiza\u00e7\u00e3o de blitz conjunta ser\u00e1 apenas uma das a\u00e7\u00f5es a serem realizadas e que tem o objetivo de fazer cumprir a legisla\u00e7\u00e3o de tr\u00e2nsito. Tamb\u00e9m ser\u00e3o dinamizadas a\u00e7\u00f5es educativas e preventivas do tr\u00e2nsito na cidade de Ilh\u00e9us\u201d.<br \/>\nO que \u00e9 um baf\u00f4metro &#8211; Baf\u00f4metro ou etil\u00f4metro \u00e9 um aparelho que permite determinar a concentra\u00e7\u00e3o de bebida alco\u00f3lica em uma pessoa, analisando o ar exalado dos pulm\u00f5es. \u00c9 um equipamento utilizado por agentes de seguran\u00e7a p\u00fablica para verificar o n\u00edvel de \u00e1lcool et\u00edlico presente no ar expirado por motoristas. No Brasil, desde julho de 2008, o limite de \u00e1lcool no sangue passou a ser de 0,2.<\/p>\n<p><strong>Ilh\u00e9us promove nesta quarta-feira Dia Nacional de Combate \u00e0 Viol\u00eancia Sexual<\/strong><\/p>\n<p>A Secretaria de Assist\u00eancia Social e Trabalho de Ilh\u00e9us, atrav\u00e9s do Centro de Refer\u00eancia Especializado da Assist\u00eancia Social (Creas), est\u00e1 convidando a comunidade para participar do Dia Nacional de Combate ao Abuso e \u00e0 Explora\u00e7\u00e3o Sexual contra Crian\u00e7as e Adolescentes. O evento ser\u00e1 lembrado nesta quarta-feira (18), das 9 \u00e0s 17 horas, na Funda\u00e7\u00e3o Cultural de Ilh\u00e9us, localizada no cal\u00e7ad\u00e3o Jorge Amado.<\/p>\n<p>O Dia Nacional de Combate ao Abuso e \u00e0 Explora\u00e7\u00e3o Sexual contra Crian\u00e7as e Adolescentes contar\u00e1 com a participa\u00e7\u00e3o dos funcion\u00e1rios do Creas, que estar\u00e3o expondo, na oportunidade, propostas de combate contra esse tipo de viol\u00eancia. Em Ilh\u00e9us, o n\u00famero de atendimentos de v\u00edtimas de explora\u00e7\u00e3o sexual tem crescido, o que leva a Secretaria de Assist\u00eancia Social e Trabalho a fazer um alerta permanente.<\/p>\n<p>Desenvolvido por uma equipe multiprofissional, um trabalho de acompanhamento t\u00e9cnico especializado vem sendo oferecido pelo Creas com o objetivo de potencializar a capacidade de prote\u00e7\u00e3o da fam\u00edlia, favorecendo, tamb\u00e9m, o processo de repara\u00e7\u00e3o da viol\u00eancia sofrida. O p\u00fablico-alvo deste trabalho \u00e9 formado por crian\u00e7as, adolescentes, jovens, mulheres, idosos e pessoas com defici\u00eancia, que sofreram ou sofrem algum tipo de viola\u00e7\u00e3o, como amea\u00e7a ou viol\u00eancia f\u00edsica, sexual e psicol\u00f3gica.<\/p>\n<p><strong>Cidad\u00e3os podem consultar contas  da Prefeitura at\u00e9 o dia 31 de maio<\/strong><\/p>\n<p>Os cidad\u00e3os que quiserem conhecer o balan\u00e7o financeiro do Munic\u00edpio de Ilh\u00e9us referente ao ano de 2010 t\u00eam at\u00e9 o pr\u00f3ximo dia 31 de maio. Dispon\u00edvel desde o \u00faltimo dia 1\u00ba de abril, a movimenta\u00e7\u00e3o financeira pode ser consultada em uma das salas do antigo Clube dos Comerci\u00e1rios, localizado na pra\u00e7a J. J. Seabra, no centro da cidade. O acesso aos documentos, que v\u00e3o desde o recebimento de receitas at\u00e9 demonstrativos financeiros diversos, pode ser realizado de segunda a sexta-feira, sempre das 12 \u00e0s 18 horas.<br \/>\nEstreitar a rela\u00e7\u00e3o de transpar\u00eancia com a popula\u00e7\u00e3o \u00e9 um dos objetivos da iniciativa, que tamb\u00e9m visa estimular o conhecimento, por parte da popula\u00e7\u00e3o, da verdadeira realidade das prefeituras. A medida atende determina\u00e7\u00f5es da Constitui\u00e7\u00e3o Federal, Constitui\u00e7\u00e3o do Estado da Bahia, Lei Complementar 101\/2000 e Resolu\u00e7\u00e3o 318\/97 do TCM\/BA. De acordo com o edital 01\/2009, n\u00e3o \u00e9 permitido retirar pe\u00e7as dos documentos colocados em disponibilidade, riscar ou rasurar, ficando os infratores sujeitos \u00e0 aplica\u00e7\u00e3o de penalidades.<br \/>\nNo mesmo local e no mesmo per\u00edodo, o Poder Legislativo de Ilh\u00e9us tamb\u00e9m est\u00e1 disponibilizando suas contas referentes ao ano passado. Um funcion\u00e1rio p\u00fablico foi nomeado, por meio de portaria, para acompanhar todo o procedimento. Segundo o secret\u00e1rio municipal da Fazenda, Jorge Bahia, as visitas est\u00e3o sendo feitas por meio de agendamento, objetivando fazer com que todo o processo de consulta ocorra da forma mais tranquila poss\u00edvel.<\/p>\n<p><strong>Mutir\u00e3o garante melhorias no Abrigo Feminino Renascer <\/strong><\/p>\n<p>Localizado no bairro Conquista, em Ilh\u00e9us, o pr\u00e9dio onde funciona o Abrigo Feminino Renascer vem recebendo uma s\u00e9rie de melhorias h\u00e1 cerca de 10 dias, promovida pela Prefeitura de Ilh\u00e9us. Na \u00faltima sexta-feira (13) o secret\u00e1rio de Assist\u00eancia Social e Trabalho, Emenson Silva, visitou o espa\u00e7o para acompanhar o trabalho desenvolvido em parceria com as secretarias de Obras e de Desenvolvimento Urbano. O Abrigo Renascer funciona desde 2006 e conta hoje com cerca de 30 crian\u00e7as e adolescentes carentes que utilizam do seu servi\u00e7o de acolhimento.<br \/>\nRealizada em car\u00e1ter de mutir\u00e3o, a reforma vem abrangendo limpeza total da \u00e1rea externa do espa\u00e7o \u2013 incluindo capinagem e ro\u00e7agem \u2013, pintura nas \u00e1reas internas e externas, melhorias nos sistemas hidr\u00e1ulico e el\u00e9trico, troca de pisos de cer\u00e2mica na \u00e1rea do ber\u00e7\u00e1rio, melhorias na lavanderia, entre outras a\u00e7\u00f5es. O secret\u00e1rio Emenson Silva destacou que gra\u00e7as ao apoio do setor privado o Abrigo Renascer foi beneficiado ainda com novos ber\u00e7os, colch\u00f5es, capas para colch\u00f5es, m\u00e1quina de lavar, geladeira, entre outros itens. \u201cA causa social deve ser abra\u00e7ada por todos e muitas empresas de Ilh\u00e9us t\u00eam mostrado interesse em continuar ajudando\u201d.<br \/>\nAs crian\u00e7as e adolescentes assistidos pelo Abrigo Renascer tamb\u00e9m passaram a contar com uma nova equipe t\u00e9cnica, formada por psic\u00f3logos, assistentes sociais, nutricionista, pedagoga e por cuidadores sociais. Outra importante mudan\u00e7a, de acordo com Emenson Silva, diz respeito a implanta\u00e7\u00e3o do projeto pedag\u00f3gico, um importante instrumento norteador das atividades promovidas no Abrigo Renascer.<br \/>\nMudan\u00e7a do espa\u00e7o e Casa de passagem \u2013 Na \u00faltima semana, durante reuni\u00e3o coordenada pelo prefeito de Ilh\u00e9us, Newton Lima, com as presen\u00e7as dos secret\u00e1rios Emenson Silva e Jorge Bahia (Fazenda), o procurador-geral do munic\u00edpio Lu\u00eds Carlos Nascimento e as freiras respons\u00e1veis pela Casa da Crian\u00e7a, foram finalizados os tr\u00e2mites para a compra de um espa\u00e7o, que servir\u00e1 como institui\u00e7\u00e3o de acolhimento feminino e tamb\u00e9m masculino, seguindo determina\u00e7\u00e3o do Minist\u00e9rio do Desenvolvimento Social. \u201dTrata-se de um passo muito importante para o munic\u00edpio no que diz respeito \u00e0excel\u00eancia na presta\u00e7\u00e3o do servi\u00e7o de assist\u00eancia social\u201d, afirmou o prefeito Newton Lima, referindo-se \u00e1 aquisi\u00e7\u00e3o do im\u00f3vel.<br \/>\nComa mudan\u00e7a para o novo espa\u00e7o, at\u00e9 o fim deste semestre, o objetivo, ainda segundo Emenson Silva, \u00e9 adaptar o pr\u00e9dio onde funciona o Abrigo Renascer para que ali possa abrigar uma casa de passagem, j\u00e1 que o contrato de aluguel est\u00e1 firmado at\u00e9 o fim deste ano. A casa de passagem comp\u00f5e um dos servi\u00e7os deProte\u00e7\u00e3o Social Especial (PSE) de Alta Complexidade, o de Acolhimento Institucional, previsto na resolu\u00e7\u00e3o n\u00ba 109, de 11 de novembro de 2009, que disp\u00f5e sobre a Tipifica\u00e7\u00e3o Nacional dos Servi\u00e7os Socioassistenciais.<\/p>\n","protected":false},"excerpt":{"rendered":"<p>Audi\u00eancia p\u00fablica amplia discuss\u00e3o sobre melhorias no Aterro Sanit\u00e1rio Baf\u00f4metros v\u00e3o auxiliar nas opera\u00e7\u00f5es conjuntas realizadas no tr\u00e2nsito de Ilh\u00e9us Ilh\u00e9us promove nesta quarta-feira Dia Nacional de Combate \u00e0 Viol\u00eancia Sexual Cidad\u00e3os podem consultar contas da Prefeitura at\u00e9 o dia 31 de maio Mutir\u00e3o garante melhorias no Abrigo Feminino Renascer<\/p>\n","protected":false},"author":2,"featured_media":0,"comment_status":"open","ping_status":"open","sticky":false,"template":"","format":"standard","meta":{"_links_to":"","_links_to_target":""},"categories":[23],"tags":[],"_links":{"self":[{"href":"https:\/\/www.r2cpress.com.br\/v1\/wp-json\/wp\/v2\/posts\/15435"}],"collection":[{"href":"https:\/\/www.r2cpress.com.br\/v1\/wp-json\/wp\/v2\/posts"}],"about":[{"href":"https:\/\/www.r2cpress.com.br\/v1\/wp-json\/wp\/v2\/types\/post"}],"author":[{"embeddable":true,"href":"https:\/\/www.r2cpress.com.br\/v1\/wp-json\/wp\/v2\/users\/2"}],"replies":[{"embeddable":true,"href":"https:\/\/www.r2cpress.com.br\/v1\/wp-json\/wp\/v2\/comments?post=15435"}],"version-history":[{"count":2,"href":"https:\/\/www.r2cpress.com.br\/v1\/wp-json\/wp\/v2\/posts\/15435\/revisions"}],"predecessor-version":[{"id":15438,"href":"https:\/\/www.r2cpress.com.br\/v1\/wp-json\/wp\/v2\/posts\/15435\/revisions\/15438"}],"wp:attachment":[{"href":"https:\/\/www.r2cpress.com.br\/v1\/wp-json\/wp\/v2\/media?parent=15435"}],"wp:term":[{"taxonomy":"category","embeddable":true,"href":"https:\/\/www.r2cpress.com.br\/v1\/wp-json\/wp\/v2\/categories?post=15435"},{"taxonomy":"post_tag","embeddable":true,"href":"https:\/\/www.r2cpress.com.br\/v1\/wp-json\/wp\/v2\/tags?post=15435"}],"curies":[{"name":"wp","href":"https:\/\/api.w.org\/{rel}","templated":true}]}}