{"id":15442,"date":"2011-05-17T19:42:20","date_gmt":"2011-05-17T22:42:20","guid":{"rendered":"http:\/\/www.r2cpress.com.br\/v1\/?p=15442"},"modified":"2011-05-17T19:42:20","modified_gmt":"2011-05-17T22:42:20","slug":"na-avep-paulinho-goleia-e-dejalma-peludo-e-salvo-pelo-gongo","status":"publish","type":"post","link":"https:\/\/www.r2cpress.com.br\/v1\/2011\/05\/17\/na-avep-paulinho-goleia-e-dejalma-peludo-e-salvo-pelo-gongo\/","title":{"rendered":"NA AVEP PAULINHO GOLEIA E DEJALMA PELUDO \u00c9 SALVO PELO GONGO"},"content":{"rendered":"<p><strong>Rep\u00f3rter: Heckel Janu\u00e1rio.<\/strong><br \/>\n<div id=\"attachment_15443\" style=\"width: 310px\" class=\"wp-caption aligncenter\"><a href=\"http:\/\/www.r2cpress.com.br\/v1\/wp-content\/uploads\/mont-012.jpg\"><img aria-describedby=\"caption-attachment-15443\" loading=\"lazy\" src=\"http:\/\/www.r2cpress.com.br\/v1\/wp-content\/uploads\/mont-012-300x225.jpg\" alt=\"\" title=\"mont 01\" width=\"300\" height=\"225\" class=\"size-medium wp-image-15443\" srcset=\"https:\/\/www.r2cpress.com.br\/v1\/wp-content\/uploads\/mont-012-300x225.jpg 300w, https:\/\/www.r2cpress.com.br\/v1\/wp-content\/uploads\/mont-012.jpg 1024w\" sizes=\"(max-width: 300px) 100vw, 300px\" \/><\/a><p id=\"caption-attachment-15443\" class=\"wp-caption-text\">Clique para AMPLIAR.<\/p><\/div><\/p>\n<p>\tJogando domingo (15.05.2011) pela manh\u00e3 na praia da Av. Soares Lopes (nas imedia\u00e7\u00f5es do Edf. Santa Clara) pela quinta rodada da programa\u00e7\u00e3o do ano da AVEP_Associa\u00e7\u00e3o de Veteranos de Esporte Praiano, no CAMPO 1 a equipe do Capit\u00e3o Paulinho Gois goleou a de Cezar de Milit\u00e3o pelo escore de 5 x 0, gols de Martial aos quarenta e quatro minutos da primeira etapa e Ralio, Mauricio, Paulinho Medauar e Ze Eduardo na segunda. J\u00e1 no CAMPO 2 a equipe do Capit\u00e3o Djalma Peludo ganhou a do Capit\u00e3o Haroldo com um gol contra de Galetti, e como se diz,  \u201csalvo pelo gongo\u201d.<\/p>\n<p>As Equipes Campo 1 _CAP. PAULINHO GOIS: Pedro Paulo (depois Rosivaldo), Paulinho Gois, H. Janu\u00e1rio, Lindoia, Ze Eduardo, Antonio Lopes, Paulinho Medauar, Sena, Mauricio, Renatinho e Martial(depois Ralio). CAP. CEZAR DE MILIT\u00c3O: Nabuco, Bacelar, Jean, Paulo Henrique, Arag\u00e3o(depois Paulo Sergio), Pio, Sizinio, Garrancho, Passos, Marconi e Cezar de Milit\u00e3o.<br \/>\n<div id=\"attachment_15446\" style=\"width: 310px\" class=\"wp-caption aligncenter\"><a href=\"http:\/\/www.r2cpress.com.br\/v1\/wp-content\/uploads\/mont-022.jpg\"><img aria-describedby=\"caption-attachment-15446\" loading=\"lazy\" src=\"http:\/\/www.r2cpress.com.br\/v1\/wp-content\/uploads\/mont-022-300x225.jpg\" alt=\"\" title=\"mont 02\" width=\"300\" height=\"225\" class=\"size-medium wp-image-15446\" srcset=\"https:\/\/www.r2cpress.com.br\/v1\/wp-content\/uploads\/mont-022-300x225.jpg 300w, https:\/\/www.r2cpress.com.br\/v1\/wp-content\/uploads\/mont-022.jpg 1024w\" sizes=\"(max-width: 300px) 100vw, 300px\" \/><\/a><p id=\"caption-attachment-15446\" class=\"wp-caption-text\">Clique para AMPLIAR.<\/p><\/div><br \/>\n<div id=\"attachment_15448\" style=\"width: 310px\" class=\"wp-caption aligncenter\"><a href=\"http:\/\/www.r2cpress.com.br\/v1\/wp-content\/uploads\/mont-031.jpg\"><img aria-describedby=\"caption-attachment-15448\" loading=\"lazy\" src=\"http:\/\/www.r2cpress.com.br\/v1\/wp-content\/uploads\/mont-031-300x112.jpg\" alt=\"\" title=\"mont 03\" width=\"300\" height=\"112\" class=\"size-medium wp-image-15448\" srcset=\"https:\/\/www.r2cpress.com.br\/v1\/wp-content\/uploads\/mont-031-300x112.jpg 300w, https:\/\/www.r2cpress.com.br\/v1\/wp-content\/uploads\/mont-031.jpg 1024w\" sizes=\"(max-width: 300px) 100vw, 300px\" \/><\/a><p id=\"caption-attachment-15448\" class=\"wp-caption-text\">Clique para AMPLIAR.<\/p><\/div><br \/>\nAs Equipes Campo 2: CAP. DEJALMA PELUDO_ Marcelo (depois Valdemir), Djalma Peludo, Slaibi, Paul\u00f4, Maurilio, Major, Japon\u00eas, Adalto, Luis Humberto, Vado, Duda Reis. CAP. HAROLDO: Ricardo, Galetti, Luis Mario, Alipio, Haroldo(depois Silvio Reis), Elson(depois Torisco), Walnik, Dr. Souto, Crispiniano, Zugaib(depois Carqueija) e Zezinho. <\/p>\n<p><strong>Ocorr\u00eancia com destaque na rodada<\/strong><\/p>\n<p>\tNo Campo 1 foi louvada a coordena\u00e7\u00e3o t\u00e1tica e t\u00e9cnica da equipe de Paulinho Gois que soube imprimir a advers\u00e1ria seu ritmo de jogo e transformar esta supremacia em gol. No Campo 2 o atleta Zezinho tomou Cart\u00e3o Azul por reclama\u00e7\u00e3o ao \u00e1rbitro. Os dois Ju\u00edzes da liga Ilheense de Futebol, senhores Raimundo Miranda de Souza (Campo 1) e Wilson S\u00e1 Viana (Campo 2) tiveram boa atua\u00e7\u00e3o. <\/p>\n<p><div id=\"attachment_15449\" style=\"width: 296px\" class=\"wp-caption aligncenter\"><a href=\"http:\/\/www.r2cpress.com.br\/v1\/wp-content\/uploads\/Cesar-destaque.jpg\"><img aria-describedby=\"caption-attachment-15449\" loading=\"lazy\" src=\"http:\/\/www.r2cpress.com.br\/v1\/wp-content\/uploads\/Cesar-destaque-286x300.jpg\" alt=\"\" title=\"Cesar destaque\" width=\"286\" height=\"300\" class=\"size-medium wp-image-15449\" srcset=\"https:\/\/www.r2cpress.com.br\/v1\/wp-content\/uploads\/Cesar-destaque-286x300.jpg 286w, https:\/\/www.r2cpress.com.br\/v1\/wp-content\/uploads\/Cesar-destaque.jpg 540w\" sizes=\"(max-width: 286px) 100vw, 286px\" \/><\/a><p id=\"caption-attachment-15449\" class=\"wp-caption-text\">\u00c1lvaro Cezar Amorim \/ Clique para AMPLIAR.<\/p><\/div><br \/>\n\tO homenageado da quinzena, apesar de ter sofrido fragorosa derrota por 5 x 0 para o Cap. Paulinho Gois, \u00e9 o atleta veterano \u00c1lvaro Cezar Amorim(conhecido tamb\u00e9m como Cezar de Milit\u00e3o ou Cezar C\u00e3o) que j\u00e1 atuou entre 1976\/1982 no futebol amador ilheense jogando pelo Ilh\u00e9us, Vit\u00f3ria e Brasil. Mas \u00e9 como \u00e1rbitro seu grande destaque no futebol ao exercer esta atividade como profissional no per\u00edodo de 1984 a 2002 na Liga Ilheense, na Federa\u00e7\u00e3o Baiana e na Confedera\u00e7\u00e3o Brasileira de Futebol arbitrando jogos do Campeonato Baiano, do Brasileir\u00e3o(S\u00e9rie A e B) e da Copa do Nordeste (s\u00e9rie A, B e C), inclusive \u00e0 \u00e9poca, ganhando a admira\u00e7\u00e3o do radialista esportivo da R\u00e1dio Baiana de Ilh\u00e9us, Roberto Rabat.<\/p>\n","protected":false},"excerpt":{"rendered":"<p>Rep\u00f3rter: Heckel Janu\u00e1rio. Jogando domingo (15.05.2011) pela manh\u00e3 na praia da Av. Soares Lopes (nas imedia\u00e7\u00f5es do Edf. Santa Clara) pela quinta rodada da programa\u00e7\u00e3o do ano da AVEP_Associa\u00e7\u00e3o de Veteranos de Esporte Praiano, no CAMPO 1 a equipe do Capit\u00e3o Paulinho Gois goleou a de Cezar de Milit\u00e3o pelo escore de 5 x 0, [&hellip;]<\/p>\n","protected":false},"author":2,"featured_media":0,"comment_status":"open","ping_status":"open","sticky":false,"template":"","format":"standard","meta":{"_links_to":"","_links_to_target":""},"categories":[11],"tags":[],"_links":{"self":[{"href":"https:\/\/www.r2cpress.com.br\/v1\/wp-json\/wp\/v2\/posts\/15442"}],"collection":[{"href":"https:\/\/www.r2cpress.com.br\/v1\/wp-json\/wp\/v2\/posts"}],"about":[{"href":"https:\/\/www.r2cpress.com.br\/v1\/wp-json\/wp\/v2\/types\/post"}],"author":[{"embeddable":true,"href":"https:\/\/www.r2cpress.com.br\/v1\/wp-json\/wp\/v2\/users\/2"}],"replies":[{"embeddable":true,"href":"https:\/\/www.r2cpress.com.br\/v1\/wp-json\/wp\/v2\/comments?post=15442"}],"version-history":[{"count":5,"href":"https:\/\/www.r2cpress.com.br\/v1\/wp-json\/wp\/v2\/posts\/15442\/revisions"}],"predecessor-version":[{"id":15451,"href":"https:\/\/www.r2cpress.com.br\/v1\/wp-json\/wp\/v2\/posts\/15442\/revisions\/15451"}],"wp:attachment":[{"href":"https:\/\/www.r2cpress.com.br\/v1\/wp-json\/wp\/v2\/media?parent=15442"}],"wp:term":[{"taxonomy":"category","embeddable":true,"href":"https:\/\/www.r2cpress.com.br\/v1\/wp-json\/wp\/v2\/categories?post=15442"},{"taxonomy":"post_tag","embeddable":true,"href":"https:\/\/www.r2cpress.com.br\/v1\/wp-json\/wp\/v2\/tags?post=15442"}],"curies":[{"name":"wp","href":"https:\/\/api.w.org\/{rel}","templated":true}]}}