{"id":15467,"date":"2011-05-17T21:35:43","date_gmt":"2011-05-18T00:35:43","guid":{"rendered":"http:\/\/www.r2cpress.com.br\/v1\/?p=15467"},"modified":"2011-05-17T21:35:43","modified_gmt":"2011-05-18T00:35:43","slug":"policia-apreende-35-pedras-de-oxi-em-ilheus","status":"publish","type":"post","link":"https:\/\/www.r2cpress.com.br\/v1\/2011\/05\/17\/policia-apreende-35-pedras-de-oxi-em-ilheus\/","title":{"rendered":"Pol\u00edcia apreende 35 pedras de oxi em Ilh\u00e9us"},"content":{"rendered":"<p><center><strong>Traficante foi detido em flagrante ao comercializar a droga<\/strong><\/center><\/p>\n<p><div id=\"attachment_15468\" style=\"width: 265px\" class=\"wp-caption alignleft\"><a href=\"http:\/\/www.r2cpress.com.br\/v1\/wp-content\/uploads\/oxi_arquivo.jpg\"><img aria-describedby=\"caption-attachment-15468\" loading=\"lazy\" src=\"http:\/\/www.r2cpress.com.br\/v1\/wp-content\/uploads\/oxi_arquivo.jpg\" alt=\" Cr\u00e9dito: Arquivo Correio \/ Ilh\u00e9us: Pol\u00edcia faz segunda apreens\u00e3o da droga oxi na Bahia\" title=\"oxi_arquivo\" width=\"255\" height=\"295\" class=\"size-full wp-image-15468\" \/><\/a><p id=\"caption-attachment-15468\" class=\"wp-caption-text\"> Cr\u00e9dito: Arquivo Correio \/ Ilh\u00e9us: Pol\u00edcia faz segunda apreens\u00e3o da droga oxi na Bahia<\/p><\/div>Foram apreendidas 35 pedras de oxi esta semana em Ilh\u00e9us, no sul do estado, segundo informa\u00e7\u00f5es da Secretaria de Seguran\u00e7a P\u00fablica (SSP). Esta \u00e9 a segunda apreens\u00e3o da droga que acontece no estado &#8211; no \u00faltimo dia 11, foram apreendidos 86 papelotes e uma pedra grande de oxi em Itapetinga.<\/p>\n<p>A droga foi apreendida pela 68\u00aa Companhia Independente de Pol\u00edcia Militar (Ilh\u00e9us-Centro) com Edjunior Santos Cabral, 22 anos. Ele foi surpreendido traficando a droga na rua Pedro Calmon, no bairro Conquista, em Ilh\u00e9us.<\/p>\n<p>Detido em flagrante, Edjunior foi encaminhado para a 7\u00aa Coordenadoria de Pol\u00edcia do Interior (Coorpin-Ilh\u00e9us), onde est\u00e1 \u00e0 disposi\u00e7\u00e3o da Justi\u00e7a.<\/p>\n<p>Segundo especialistas, o oxi \u00e9 capaz de viciar nas primeiras vezes em que \u00e9 consumido. A droga foi encontrada pela primeira vez na regi\u00e3o da &#8216;Cracol\u00e2ndia&#8217;, em S\u00e3o Paulo. Oxi tamb\u00e9m j\u00e1 foi encontrada tamb\u00e9m no Rio de Janeiro, Paran\u00e1 e Minas Gerais. <\/p>\n<p>&#8212;<br \/>\nReda\u00e7\u00e3o <a href = \"http:\/\/www.correio24horas.com.br\/noticias\/detalhes\/detalhes-1\/artigo\/policia-apreende-35-pedras-de-oxi-em-ilheus\/\" target = \"_news\"><b>CORREIO  DA BAHIA<\/b><\/a><\/p>\n","protected":false},"excerpt":{"rendered":"<p>Traficante foi detido em flagrante ao comercializar a droga Foram apreendidas 35 pedras de oxi esta semana em Ilh\u00e9us, no sul do estado, segundo informa\u00e7\u00f5es da Secretaria de Seguran\u00e7a P\u00fablica (SSP). Esta \u00e9 a segunda apreens\u00e3o da droga que acontece no estado &#8211; no \u00faltimo dia 11, foram apreendidos 86 papelotes e uma pedra grande [&hellip;]<\/p>\n","protected":false},"author":2,"featured_media":0,"comment_status":"open","ping_status":"open","sticky":false,"template":"","format":"standard","meta":{"_links_to":"","_links_to_target":""},"categories":[25],"tags":[],"_links":{"self":[{"href":"https:\/\/www.r2cpress.com.br\/v1\/wp-json\/wp\/v2\/posts\/15467"}],"collection":[{"href":"https:\/\/www.r2cpress.com.br\/v1\/wp-json\/wp\/v2\/posts"}],"about":[{"href":"https:\/\/www.r2cpress.com.br\/v1\/wp-json\/wp\/v2\/types\/post"}],"author":[{"embeddable":true,"href":"https:\/\/www.r2cpress.com.br\/v1\/wp-json\/wp\/v2\/users\/2"}],"replies":[{"embeddable":true,"href":"https:\/\/www.r2cpress.com.br\/v1\/wp-json\/wp\/v2\/comments?post=15467"}],"version-history":[{"count":2,"href":"https:\/\/www.r2cpress.com.br\/v1\/wp-json\/wp\/v2\/posts\/15467\/revisions"}],"predecessor-version":[{"id":15470,"href":"https:\/\/www.r2cpress.com.br\/v1\/wp-json\/wp\/v2\/posts\/15467\/revisions\/15470"}],"wp:attachment":[{"href":"https:\/\/www.r2cpress.com.br\/v1\/wp-json\/wp\/v2\/media?parent=15467"}],"wp:term":[{"taxonomy":"category","embeddable":true,"href":"https:\/\/www.r2cpress.com.br\/v1\/wp-json\/wp\/v2\/categories?post=15467"},{"taxonomy":"post_tag","embeddable":true,"href":"https:\/\/www.r2cpress.com.br\/v1\/wp-json\/wp\/v2\/tags?post=15467"}],"curies":[{"name":"wp","href":"https:\/\/api.w.org\/{rel}","templated":true}]}}