{"id":15484,"date":"2011-05-18T13:23:23","date_gmt":"2011-05-18T16:23:23","guid":{"rendered":"http:\/\/www.r2cpress.com.br\/v1\/?p=15484"},"modified":"2011-05-18T13:23:23","modified_gmt":"2011-05-18T16:23:23","slug":"empresa-brasil-de-comunicacao-r2cpress-agencia-de-noticias-32","status":"publish","type":"post","link":"https:\/\/www.r2cpress.com.br\/v1\/2011\/05\/18\/empresa-brasil-de-comunicacao-r2cpress-agencia-de-noticias-32\/","title":{"rendered":"Empresa Brasil de Comunica\u00e7\u00e3o \/ R2CPRESS &#8211; Ag\u00eancia de Not\u00edcias"},"content":{"rendered":"<p><center><strong>Oito em cada dez v\u00edtimas de abuso sexual contra crian\u00e7as s\u00e3o meninas<\/strong><\/center><\/p>\n<p>O servi\u00e7o telef\u00f4nico Disque 100, mantido pela Secretaria de Direitos Humanos da Presid\u00eancia da Rep\u00fablica, registrou, entre 2003 e mar\u00e7o de 2011, 52 mil den\u00fancias de viol\u00eancia sexual contra crian\u00e7as e adolescentes de todo o pa\u00eds. Oito em cada dez v\u00edtimas s\u00e3o meninas. Hoje \u00e9 o Dia Nacional de Combate ao Abuso e \u00e0 Explora\u00e7\u00e3o Sexual contra Crian\u00e7as e Adolescentes. No Rio, a data \u00e9 lembrada com apelo para que os casos de abuso sejam denunciados.<br \/>\n<object width=\"100%\" height=\"24\" type=\"application\/x-shockwave-flash\" data=\"http:\/\/radioagencianacional.ebc.com.br\/sites\/radioagencianacional.ebc.com.br\/modules\/mp3player\/mp3player\/player.swf\" ><param name=\"bgcolor\" value=\"#FFFFFF\"><\/param><param name=\"wmode\" value=\"transparent\"><\/param><param name=\"menu\" value=\"false\"><\/param><param NAME=\"WMode\" VALUE=\"Transparent\"><\/param><param NAME=\"Play\" VALUE=\"0\"><\/param><param NAME=\"Loop\" VALUE=\"-1\"><\/param><param NAME=\"Quality\" VALUE=\"High\"><\/param><param NAME=\"SAlign\" VALUE=\"L\"><\/param><param NAME=\"Menu\" VALUE=\"0\"><\/param><param NAME=\"Base\" VALUE=\"\"><\/param><param NAME=\"AllowScriptAccess\" VALUE=\"\"><\/param><param NAME=\"Scale\" VALUE=\"NoScale\"><\/param><param NAME=\"DeviceFont\" VALUE=\"0\"><\/param><param NAME=\"EmbedMovie\" VALUE=\"0\"><\/param><param NAME=\"BGColor\" VALUE=\"FFFFFF\"><\/param><param NAME=\"SWRemote\" VALUE=\"\"><\/param><param NAME=\"MovieData\" VALUE=\"\"><\/param><param NAME=\"SeamlessTabbing\" VALUE=\"1\"><\/param><param NAME=\"Profile\" VALUE=\"-1\"><\/param><param NAME=\"ProfileAddress\" VALUE=\"\"><\/param><param NAME=\"ProfilePort\" VALUE=\"-2147483648\"><\/param><param NAME=\"AllowNetworking\" VALUE=\"all\"><\/param><param NAME=\"AllowFullScreen\" VALUE=\"false\"><\/param><param NAME=\"Movie\" VALUE=\"http:\/\/radioagencianacional.ebc.com.br\/sites\/radioagencianacional.ebc.com.br\/modules\/mp3player\/mp3player\/player.swf\"><\/param><param NAME=\"Src\" VALUE=\"http:\/\/radioagencianacional.ebc.com.br\/sites\/radioagencianacional.ebc.com.br\/modules\/mp3player\/mp3player\/player.swf\"><\/param><param name=\"flashvars\" value=\"noinfo=yes&#038;initialvolume=75&#038;soundFile=http:\/\/radioagencianacional.ebc.com.br\/sites\/radioagencianacional.ebc.com.br\/files\/MENO_07.mp3&#038;titles=MENO_07.mp3&#038;playerID=mp3player_1\"><\/param><\/object><br \/>\n<strong>EBC\/<em>D\u00e1urea Gram\u00e1tico<\/em><\/strong><\/p>\n","protected":false},"excerpt":{"rendered":"<p>Oito em cada dez v\u00edtimas de abuso sexual contra crian\u00e7as s\u00e3o meninas O servi\u00e7o telef\u00f4nico Disque 100, mantido pela Secretaria de Direitos Humanos da Presid\u00eancia da Rep\u00fablica, registrou, entre 2003 e mar\u00e7o de 2011, 52 mil den\u00fancias de viol\u00eancia sexual contra crian\u00e7as e adolescentes de todo o pa\u00eds. Oito em cada dez v\u00edtimas s\u00e3o meninas. [&hellip;]<\/p>\n","protected":false},"author":2,"featured_media":0,"comment_status":"open","ping_status":"open","sticky":false,"template":"","format":"standard","meta":{"_links_to":"","_links_to_target":""},"categories":[18],"tags":[],"_links":{"self":[{"href":"https:\/\/www.r2cpress.com.br\/v1\/wp-json\/wp\/v2\/posts\/15484"}],"collection":[{"href":"https:\/\/www.r2cpress.com.br\/v1\/wp-json\/wp\/v2\/posts"}],"about":[{"href":"https:\/\/www.r2cpress.com.br\/v1\/wp-json\/wp\/v2\/types\/post"}],"author":[{"embeddable":true,"href":"https:\/\/www.r2cpress.com.br\/v1\/wp-json\/wp\/v2\/users\/2"}],"replies":[{"embeddable":true,"href":"https:\/\/www.r2cpress.com.br\/v1\/wp-json\/wp\/v2\/comments?post=15484"}],"version-history":[{"count":2,"href":"https:\/\/www.r2cpress.com.br\/v1\/wp-json\/wp\/v2\/posts\/15484\/revisions"}],"predecessor-version":[{"id":15486,"href":"https:\/\/www.r2cpress.com.br\/v1\/wp-json\/wp\/v2\/posts\/15484\/revisions\/15486"}],"wp:attachment":[{"href":"https:\/\/www.r2cpress.com.br\/v1\/wp-json\/wp\/v2\/media?parent=15484"}],"wp:term":[{"taxonomy":"category","embeddable":true,"href":"https:\/\/www.r2cpress.com.br\/v1\/wp-json\/wp\/v2\/categories?post=15484"},{"taxonomy":"post_tag","embeddable":true,"href":"https:\/\/www.r2cpress.com.br\/v1\/wp-json\/wp\/v2\/tags?post=15484"}],"curies":[{"name":"wp","href":"https:\/\/api.w.org\/{rel}","templated":true}]}}