{"id":15496,"date":"2011-05-18T16:03:35","date_gmt":"2011-05-18T19:03:35","guid":{"rendered":"http:\/\/www.r2cpress.com.br\/v1\/?p=15496"},"modified":"2011-05-18T16:03:35","modified_gmt":"2011-05-18T19:03:35","slug":"vice-da-bamin-participa-de-audiencia-na-assembleia","status":"publish","type":"post","link":"https:\/\/www.r2cpress.com.br\/v1\/2011\/05\/18\/vice-da-bamin-participa-de-audiencia-na-assembleia\/","title":{"rendered":"Vice da Bamin participa de audi\u00eancia na Assembleia"},"content":{"rendered":"<p><div id=\"attachment_15497\" style=\"width: 310px\" class=\"wp-caption alignleft\"><a href=\"http:\/\/www.r2cpress.com.br\/v1\/wp-content\/uploads\/Comisso-do-Porto-Sul-Dep.-ngela-Sousa-Dep.-Ivana-Bastos-e-Clvis-Torres.jpg\"><img aria-describedby=\"caption-attachment-15497\" loading=\"lazy\" src=\"http:\/\/www.r2cpress.com.br\/v1\/wp-content\/uploads\/Comisso-do-Porto-Sul-Dep.-ngela-Sousa-Dep.-Ivana-Bastos-e-Clvis-Torres-300x225.jpg\" alt=\"\" title=\"Comisso do Porto Sul - Dep. ngela Sousa, Dep. Ivana Bastos e Clvis Torres\" width=\"300\" height=\"225\" class=\"size-medium wp-image-15497\" srcset=\"https:\/\/www.r2cpress.com.br\/v1\/wp-content\/uploads\/Comisso-do-Porto-Sul-Dep.-ngela-Sousa-Dep.-Ivana-Bastos-e-Clvis-Torres-300x225.jpg 300w, https:\/\/www.r2cpress.com.br\/v1\/wp-content\/uploads\/Comisso-do-Porto-Sul-Dep.-ngela-Sousa-Dep.-Ivana-Bastos-e-Clvis-Torres.jpg 680w\" sizes=\"(max-width: 300px) 100vw, 300px\" \/><\/a><p id=\"caption-attachment-15497\" class=\"wp-caption-text\">Clique para AMPLIAR.<\/p><\/div>O vice-presidente executivo da Bahia Minera\u00e7\u00e3o, Clovis Torres, voltou \u00e0 Assembleia Legislativa para informar os deputados sobre o andamento do projeto Pedra de Ferro, que produzir\u00e1 19,5 milh\u00f5es de toneladas por ano na cidade de Caetit\u00e9, sudoeste da Bahia, e exportar\u00e1 essa produ\u00e7\u00e3o por um terminal privativo em Ilh\u00e9us, sul do Estado.<\/p>\n<p>Torres participou de audi\u00eancia na Comiss\u00e3o Especial do Complexo Intermodal Porto Sul, que \u00e9 presidida pela deputada Ivana Bastos (PMDB). A sess\u00e3o contou tamb\u00e9m com as presen\u00e7as dos parlamentares \u00c2ngela Sousa (PSC), Augusto Castro (PSDB), Maria Del Carmen (PT) e do l\u00edder do governo,  Z\u00e9 Neto (PT).<\/p>\n<p><!--more--><\/p>\n<p>Torres abordou os investimentos de US$ 1,8 bilh\u00e3o na implanta\u00e7\u00e3o da mina e da unidade de beneficiamento de min\u00e9rio de ferro em Caetit\u00e9, assim como do terminal mar\u00edtimo em Ilh\u00e9us.  Tamb\u00e9m comentou sobre a iniciativa de capacitar m\u00e3o-de-obra na regi\u00e3o, com o programa Mina de Talentos. A ideia, segundo o vice-presidente, \u00e9 formar trabalhadores para que pelo menos 60% do pessoal que atuar\u00e1 no  Pedra de Ferro seja residente nas pr\u00f3prias regi\u00f5es onde o empreendimento ser\u00e1 implantado.<\/p>\n<p>\u201c\u00c9 uma empresa que chega com um novo conceito, com responsabilidade social e ambiental, e que certamente contribuir\u00e1 de modo significativo para o desenvolvimento de nosso Estado\u201d, declarou durante a audi\u00eancia a deputada \u00c2ngela. A presidente da Comiss\u00e3o, Ivana Braga, citou a estrutura de capta\u00e7\u00e3o de \u00e1gua industrial instalada pela Bahia Minera\u00e7\u00e3o na regi\u00e3o de Malhada.  \u201cO projeto foi aproveitado pela Codevasf para  implementar um sistema de suprimento de \u00e1gua para a popula\u00e7\u00e3o daquela regi\u00e3o, que sofre com a escassez desse recurso\u201d, observou a peemedebista.<\/p>\n<p>O projeto Porto Sul, do qual a Bamin \u00e9 a empresa-\u00e2ncora, tamb\u00e9m foi saudado pelo l\u00edder Z\u00e9 Neto como uma importante a\u00e7\u00e3o do Governo da Bahia. \u201c\u00c9 um projeto estrat\u00e9gico para o nosso Estado e que, se n\u00e3o fosse a parceria com a Bamin, n\u00e3o poderia ser viabilizado\u201d, enfatizou.<\/p>\n","protected":false},"excerpt":{"rendered":"<p>O vice-presidente executivo da Bahia Minera\u00e7\u00e3o, Clovis Torres, voltou \u00e0 Assembleia Legislativa para informar os deputados sobre o andamento do projeto Pedra de Ferro, que produzir\u00e1 19,5 milh\u00f5es de toneladas por ano na cidade de Caetit\u00e9, sudoeste da Bahia, e exportar\u00e1 essa produ\u00e7\u00e3o por um terminal privativo em Ilh\u00e9us, sul do Estado. Torres participou de [&hellip;]<\/p>\n","protected":false},"author":2,"featured_media":0,"comment_status":"open","ping_status":"open","sticky":false,"template":"","format":"standard","meta":{"_links_to":"","_links_to_target":""},"categories":[22],"tags":[],"_links":{"self":[{"href":"https:\/\/www.r2cpress.com.br\/v1\/wp-json\/wp\/v2\/posts\/15496"}],"collection":[{"href":"https:\/\/www.r2cpress.com.br\/v1\/wp-json\/wp\/v2\/posts"}],"about":[{"href":"https:\/\/www.r2cpress.com.br\/v1\/wp-json\/wp\/v2\/types\/post"}],"author":[{"embeddable":true,"href":"https:\/\/www.r2cpress.com.br\/v1\/wp-json\/wp\/v2\/users\/2"}],"replies":[{"embeddable":true,"href":"https:\/\/www.r2cpress.com.br\/v1\/wp-json\/wp\/v2\/comments?post=15496"}],"version-history":[{"count":2,"href":"https:\/\/www.r2cpress.com.br\/v1\/wp-json\/wp\/v2\/posts\/15496\/revisions"}],"predecessor-version":[{"id":15499,"href":"https:\/\/www.r2cpress.com.br\/v1\/wp-json\/wp\/v2\/posts\/15496\/revisions\/15499"}],"wp:attachment":[{"href":"https:\/\/www.r2cpress.com.br\/v1\/wp-json\/wp\/v2\/media?parent=15496"}],"wp:term":[{"taxonomy":"category","embeddable":true,"href":"https:\/\/www.r2cpress.com.br\/v1\/wp-json\/wp\/v2\/categories?post=15496"},{"taxonomy":"post_tag","embeddable":true,"href":"https:\/\/www.r2cpress.com.br\/v1\/wp-json\/wp\/v2\/tags?post=15496"}],"curies":[{"name":"wp","href":"https:\/\/api.w.org\/{rel}","templated":true}]}}