{"id":15525,"date":"2011-05-19T08:20:39","date_gmt":"2011-05-19T11:20:39","guid":{"rendered":"http:\/\/www.r2cpress.com.br\/v1\/?p=15525"},"modified":"2011-05-19T08:20:39","modified_gmt":"2011-05-19T11:20:39","slug":"marcelo-barretosecretario-de-transito","status":"publish","type":"post","link":"https:\/\/www.r2cpress.com.br\/v1\/2011\/05\/19\/marcelo-barretosecretario-de-transito\/","title":{"rendered":"Marcelo Barreto\/Secret\u00e1rio de Tr\u00e2nsito"},"content":{"rendered":"<p>Caros amigos, no dia 12 de maio \u00e0s 09:20 foi dado entrada na SETRANS o oficio solicitando a presen\u00e7a do secret\u00e1rio o senhor Marcelo Antonio Pereira Barreto, na sede da associa\u00e7\u00e3o de moradores do Hernani S\u00e1 \u00e0s 19:30 do dia 18 de maio (quarta feira),em que o assunto em pauta era seguran\u00e7a no tr\u00e2nsito na nossa comunidade. O assunto \u00e9 de grande import\u00e2ncia, devido a v\u00e1rios acidentes ocorridos no bairro, principalmente com alunos das escolas. Pela segunda vez o senhor secret\u00e1rio n\u00e3o comparece, mesmo sendo avisado na reuni\u00e3o de secret\u00e1rios na segunda feira pelo sr. Gerson Marques. N\u00e3o quero pensar que o mesmo esteja fazendo retalia\u00e7\u00e3o a nossa comunidade, devido a cobran\u00e7a das solicita\u00e7\u00f5es feita na C\u00e2mara Municipal em audi\u00eancia p\u00fablica, em que se tratava das faixas de pedestre, dos pontos de \u00f4nibus, dos redutores de velocidade e dos carros estacionados na cal\u00e7ada do eixo principal do bairro, em que atrapalhava a caminhada de pessoas idosas e danificando as placas de drenagem pluvial, e no mesmo momento relatei em plen\u00e1rio que um dos carros que ficavam na cal\u00e7ada pertencia ao sr. secret\u00e1rio, o mesmo n\u00e3o gostou e em entrevista com um radialista comentou que eu deveria me preocupar com a minha comunidade e deixar de difamar as pessoas em p\u00fablico. Ao me dirigir a C\u00e2mara estava falando pela minha comunidade, e os relatos acima fiz ao mesmo. Quero dizer a todos que  estou presidente e n\u00e3o sou remunerado e fa\u00e7o o meu papel de voluntariado diante da responsabilidade que me foi dada e espero que aqueles que recebem do poder p\u00fablico cumpram o seu papel, porque n\u00f3s pagamos os seus sal\u00e1rios. Farei outra solicita\u00e7\u00e3o, convidarei novamente os diretores das escolas e a comunidade, espero que o sr. secret\u00e1rio se fa\u00e7a presente. Quero salientar que todos secret\u00e1rios convidados e que se fizeram presentes em outros momentos como ALISSON , CARLOS FREITAS, PAULO MOREIRA e MARCONE,  foram recebidos com educa\u00e7\u00e3o e respeito.<\/p>\n<p>Grato,<br \/>\nODAILSON LELIS ARANHA<\/p>\n<p>&#8212;<br \/>\n<b>Espa\u00e7o aberto para o secret\u00e1rio Marcelo  Barreto &#8211; querendo &#8211; se manifestar<\/b>.<\/p>\n","protected":false},"excerpt":{"rendered":"<p>Caros amigos, no dia 12 de maio \u00e0s 09:20 foi dado entrada na SETRANS o oficio solicitando a presen\u00e7a do secret\u00e1rio o senhor Marcelo Antonio Pereira Barreto, na sede da associa\u00e7\u00e3o de moradores do Hernani S\u00e1 \u00e0s 19:30 do dia 18 de maio (quarta feira),em que o assunto em pauta era seguran\u00e7a no tr\u00e2nsito na [&hellip;]<\/p>\n","protected":false},"author":2,"featured_media":0,"comment_status":"open","ping_status":"open","sticky":false,"template":"","format":"standard","meta":{"_links_to":"","_links_to_target":""},"categories":[10],"tags":[],"_links":{"self":[{"href":"https:\/\/www.r2cpress.com.br\/v1\/wp-json\/wp\/v2\/posts\/15525"}],"collection":[{"href":"https:\/\/www.r2cpress.com.br\/v1\/wp-json\/wp\/v2\/posts"}],"about":[{"href":"https:\/\/www.r2cpress.com.br\/v1\/wp-json\/wp\/v2\/types\/post"}],"author":[{"embeddable":true,"href":"https:\/\/www.r2cpress.com.br\/v1\/wp-json\/wp\/v2\/users\/2"}],"replies":[{"embeddable":true,"href":"https:\/\/www.r2cpress.com.br\/v1\/wp-json\/wp\/v2\/comments?post=15525"}],"version-history":[{"count":2,"href":"https:\/\/www.r2cpress.com.br\/v1\/wp-json\/wp\/v2\/posts\/15525\/revisions"}],"predecessor-version":[{"id":15527,"href":"https:\/\/www.r2cpress.com.br\/v1\/wp-json\/wp\/v2\/posts\/15525\/revisions\/15527"}],"wp:attachment":[{"href":"https:\/\/www.r2cpress.com.br\/v1\/wp-json\/wp\/v2\/media?parent=15525"}],"wp:term":[{"taxonomy":"category","embeddable":true,"href":"https:\/\/www.r2cpress.com.br\/v1\/wp-json\/wp\/v2\/categories?post=15525"},{"taxonomy":"post_tag","embeddable":true,"href":"https:\/\/www.r2cpress.com.br\/v1\/wp-json\/wp\/v2\/tags?post=15525"}],"curies":[{"name":"wp","href":"https:\/\/api.w.org\/{rel}","templated":true}]}}