{"id":15541,"date":"2011-05-19T10:51:18","date_gmt":"2011-05-19T13:51:18","guid":{"rendered":"http:\/\/www.r2cpress.com.br\/v1\/?p=15541"},"modified":"2011-05-19T13:17:32","modified_gmt":"2011-05-19T16:17:32","slug":"dilma-wagner-uma-ruma-de-pt-e-ilheus-no-caos","status":"publish","type":"post","link":"https:\/\/www.r2cpress.com.br\/v1\/2011\/05\/19\/dilma-wagner-uma-ruma-de-pt-e-ilheus-no-caos\/","title":{"rendered":"Dilma, Wagner, uma ruma de PT&#8230; e Ilh\u00e9us no CAOS&#8230;"},"content":{"rendered":"<p><img loading=\"lazy\" class=\"alignleft\" src=\"http:\/\/www.r2cpress.com.br\/v1\/wp-content\/uploads\/Rabat-sem-moldura.jpg\" alt=\"\" width=\"300\" height=\"121\" \/>&#8230; o laborat\u00f3rio criou e a milit\u00e2ncia caiu matando: <em>\u00e9 melhor para Ilh\u00e9us se votarmos em Dilma e Wagner porque ficar\u00e1 mais f\u00e1cil conseguir verbas nos governos federal e estadual.<\/em><\/p>\n<p>O povo, na secura, absorveu isso e deu os votos para o ex futuro barbudo Wagner se eleger. O ilheense, at\u00e9 ent\u00e3o acreditando, sentou e esperou. Nova descoberta no laborat\u00f3rio fez com que o relat\u00f3rio sa\u00edsse dizendo que: <em>para as verbas do Estado chegarem aqui \u00e9 preciso que o governo Newton case com o PT.<\/em> Afffff!!!!!!! Foi um <strong>DEUS<\/strong> nos acuda nos bastidores da pol\u00edtica ilheense. Cola logo !!!!!, faz esse casamento ainda hoje !!!!!! deixa esse neg\u00f3cio de namoro e noivado pra l\u00e1 e \u201c<strong>come logo<\/strong>\u201d&#8230; E assim, em nome de tudo quanto \u00e9 coisa boa, l\u00e1 se vai Newton &amp; Banda, de mala e cuia, casar com o PT. N\u00e3o sei bem se a inten\u00e7\u00e3o era um golpe do Ba\u00fa,\u00a0 mas com ou sem golpe, o casamento saiu, aconteceu e a\u00ed est\u00e1. E o que acontece quando os \u201cnubentes\u201d n\u00e3o se conhecem e casam por \u201cpress\u00e3o\u201d? Acontece o que estamos vendo, testemunhando, vivenciando e, o mais grave: N\u00c3O vislumbramos, nem f&#8230;, \u00a0a tal lua de mel&#8230; Casamento esse que, pelo que se observa hoje, \u00e9 apenas para fazer pose em evento social e olhe l\u00e1 &#8230;. Deus ajude que o casal se entenda e possam viver felizes para sempre&#8230;<\/p>\n<p>J\u00e1 estou come\u00e7ando a imaginar que o produto vendido para a administra\u00e7\u00e3o municipal foi \u00a0o \u201cstatus\u201d de ser coligado com o partido trabalhoso. S\u00f3 posso imaginar isso porque de concreto essa alian\u00e7a n\u00e3o tem rendido nada daquilo que um dia se imaginou para a cidade. <strong>Ou esse governador est\u00e1 de sacanagem com a cidade de Ilh\u00e9us ou est\u00e1 dando boas risadas da infantilidade em se acreditar na lisura da alian\u00e7a&#8230; Ele est\u00e1, na verdade, \u00e9 \u00a0desestabilizando a pol\u00edtica ilheense e vai, pode esperar, enfiar algu\u00e9m do seu time para terminar de lascar com a cidade&#8230; Esse ser\u00e1 o agradecimento por Ilh\u00e9us contribuir com sua reelei\u00e7\u00e3o. Tem tanto PT em Ilh\u00e9us que se ele abra\u00e7ar um ser\u00e1 queimado pelos demais e ele, que n\u00e3o \u00e9 burro, vai afundar a sigla e \u00a0colocar um, sem estrela, aqui &#8230; e o mais interessante: <em>com a promessa de ser a reden\u00e7\u00e3o da cidade<\/em>. \u00c9 muita cara de pau, agora lisa, \u00a0pro meu gosto &#8230;<\/strong><\/p>\n<p><strong><!--more--><\/strong>Quando dizem que existe em Ilh\u00e9us uma ruma de PT a \u201ccompanheirada\u201d fica agitada e, invariavelmente, sai com essa explica\u00e7\u00e3o: <em>o PT \u00e9 o mais democr\u00e1tico dos partidos. Todos se manifestam, dizem o que pensam\/sentem, tudo \u00e9 colocado numa plen\u00e1ria (adoro essa palavra) e, no final, se chega a um denominador comum. Vence a maioria (risos MEUS). <\/em>\u00c9 mesmo? Sei n\u00e3o, viol\u00e3o. \u00c9 tanta fritura que at\u00e9 o c\u00e3o duvida. Tem uma estrat\u00e9gia que ultimamente vem sendo colocada em pr\u00e1tica que \u00e9 tiro e queda. Vejamos:<\/p>\n<p>O defeito que o diabo mais gosta \u00e9 a <strong><span style=\"text-decoration: underline;\">VAIDADE<\/span><\/strong>. Se algu\u00e9m do partido come\u00e7a a desenvolver algum trabalho que mostre in\u00edcio de \u2018brilho\u2019, a galera resolve logo \u201cinvestir na capacidade do brilhoso\u201d. Fazem um arer\u00ea da zorra, dizem que o cara \u00e9 o cara, jogam o nome dele na m\u00eddia, criam centenas e centenas de qualidades, o tal se emplaca, aceita e depois eles saem de baixo, largam o cara sem pai e sem m\u00e3e e dizem nos bastidores: <em>desse estamos livre<\/em>. Longe de mim imaginar que essa queima\u00e7\u00e3o seja tamb\u00e9m orquestrada tendo como aliados alguns figur\u00f5es de Salvador ou de Bras\u00edlia. A conclus\u00e3o \u00e9 simples: <em><strong>Por que os recursos n\u00e3o chegam para o festejado companheiro fazer, acontecer e resolver o problema que, para tanto, reunia as qualidades necess\u00e1rias?<\/strong><\/em><\/p>\n<p>Agora estamos dan\u00e7ando ao som do \u201c<strong>SAMPARROCHA<\/strong>\u201d que \u00e9 o samba do crioulo doido mesclado com a coreografia do pagode e do arrocha.<\/p>\n<p>Mais uma sinaliza\u00e7\u00e3o est\u00e1 sendo dada &#8211; o que refor\u00e7a essa \u2018necessidade\u2019 do governo Wagner \u00a0promover essa \u201cestrat\u00e9gica\u201d confus\u00e3o em Ilh\u00e9us \u00e9, exatamente, a partir do momento que foi dado o recado pelo secret\u00e1rio geral do PP, Jabes Ribeiro, quando disse que: \u201c<em>quem \u00a0est\u00e1 na base do governo municipal n\u00e3o ser\u00e1 aceito numa coliga\u00e7\u00e3o. Se fazemos oposi\u00e7\u00e3o quem est\u00e1 com Newton \u00a0\u00e9 advers\u00e1rio&#8230;\u201d.<\/em> Jabes, cheio de cargo no governo do estado, tirando foto com ministro, andando pra l\u00e1 e pra c\u00e1 com o governador e d\u00e1 uma detonada dessa no partido do \u201c<strong>cara lisa<\/strong>\u201d Wagner? . Assim? Do nada? Claro que n\u00e3o e s\u00f3 n\u00e3o vou afirmar (n\u00e3o sou menino amarelo) que essas ondas saem de Ondina &#8230; mas que est\u00e1 ficando cada dia mais evidente isso est\u00e1&#8230;<\/p>\n<p>Agora apareceu uma tal de <strong>quantidade de voto<\/strong>.\u00a0 Sempre aparece, coladinha, uma justificativa (malandra ou n\u00e3o) para as a\u00e7\u00f5es dos donos do PT. Por conta disso mais um racha vai surgir ou seja: <em>surgir\u00e3o subdivis\u00f5es no dividido PT<\/em>. Nem vou entrar nessa rinha porque j\u00e1 sei o resultado. Dinossauros e filhotes de dinossauros se engalfinhando at\u00e9 arrumar um cantinho, mas com o mesmo sal\u00e1rio, evidentemente. Ai sossegam e o partido fica servindo apenas como chave para abrir \u201cportas\u201d (est\u00e1 no plural)&#8230;<\/p>\n<p><strong>Tem a milit\u00e2ncia&#8230; <\/strong><\/p>\n<p><strong>Ah! A milit\u00e2ncia ainda n\u00e3o descobriu que, depois de uma certa idade, <span style=\"text-decoration: underline;\">IDEOLOGIA POL\u00cdTICA \u00c9 BURRICE.<\/span><\/strong> Basta olhar quem est\u00e1 ocupando, distribuindo e a troco de que os bons cargos do <strong>PARTIDO<\/strong> que os trabalhadores perderam porque, j\u00e1 faz um bom tempo, \u00a0foram transformados em escadas&#8230;<\/p>\n<p>&nbsp;<\/p>\n<p style=\"text-align: center;\"><strong>Que DEUS continue cuidando das nossas cabe\u00e7as e que S\u00c3O JORGE\u00a0 n\u00e3o desista de Ilh\u00e9us.<\/strong><\/p>\n<p>&nbsp;<\/p>\n<p>Beijo grande e fiquem com <strong>DEUS <\/strong>(Sempre!).<\/p>\n<p>Rabat.<\/p>\n","protected":false},"excerpt":{"rendered":"<p>&#8230; o laborat\u00f3rio criou e a milit\u00e2ncia caiu matando: \u00e9 melhor para Ilh\u00e9us se votarmos em Dilma e Wagner porque ficar\u00e1 mais f\u00e1cil conseguir verbas nos governos federal e estadual. O povo, na secura, absorveu isso e deu os votos para o ex futuro barbudo Wagner se eleger. O ilheense, at\u00e9 ent\u00e3o acreditando, sentou e [&hellip;]<\/p>\n","protected":false},"author":2,"featured_media":0,"comment_status":"open","ping_status":"open","sticky":false,"template":"","format":"standard","meta":{"_links_to":"","_links_to_target":""},"categories":[20],"tags":[],"_links":{"self":[{"href":"https:\/\/www.r2cpress.com.br\/v1\/wp-json\/wp\/v2\/posts\/15541"}],"collection":[{"href":"https:\/\/www.r2cpress.com.br\/v1\/wp-json\/wp\/v2\/posts"}],"about":[{"href":"https:\/\/www.r2cpress.com.br\/v1\/wp-json\/wp\/v2\/types\/post"}],"author":[{"embeddable":true,"href":"https:\/\/www.r2cpress.com.br\/v1\/wp-json\/wp\/v2\/users\/2"}],"replies":[{"embeddable":true,"href":"https:\/\/www.r2cpress.com.br\/v1\/wp-json\/wp\/v2\/comments?post=15541"}],"version-history":[{"count":10,"href":"https:\/\/www.r2cpress.com.br\/v1\/wp-json\/wp\/v2\/posts\/15541\/revisions"}],"predecessor-version":[{"id":15550,"href":"https:\/\/www.r2cpress.com.br\/v1\/wp-json\/wp\/v2\/posts\/15541\/revisions\/15550"}],"wp:attachment":[{"href":"https:\/\/www.r2cpress.com.br\/v1\/wp-json\/wp\/v2\/media?parent=15541"}],"wp:term":[{"taxonomy":"category","embeddable":true,"href":"https:\/\/www.r2cpress.com.br\/v1\/wp-json\/wp\/v2\/categories?post=15541"},{"taxonomy":"post_tag","embeddable":true,"href":"https:\/\/www.r2cpress.com.br\/v1\/wp-json\/wp\/v2\/tags?post=15541"}],"curies":[{"name":"wp","href":"https:\/\/api.w.org\/{rel}","templated":true}]}}