{"id":15566,"date":"2011-05-19T13:49:37","date_gmt":"2011-05-19T16:49:37","guid":{"rendered":"http:\/\/www.r2cpress.com.br\/v1\/?p=15566"},"modified":"2011-05-19T13:49:37","modified_gmt":"2011-05-19T16:49:37","slug":"falta-material-para-curativo-nos-nostos-de-saude-de-ilheus","status":"publish","type":"post","link":"https:\/\/www.r2cpress.com.br\/v1\/2011\/05\/19\/falta-material-para-curativo-nos-nostos-de-saude-de-ilheus\/","title":{"rendered":"Falta material para curativo nos nostos de sa\u00fade de Ilh\u00e9us."},"content":{"rendered":"<p>De: Marcos <marcosbrazileiro @yahoo.com.br><br \/>\nAssunto: Denuncia: <strong>Falta material para curativo nos nostos de sa\u00fade de Ilh\u00e9us.<\/strong><\/p>\n<p>Corpo da mensagem:<br \/>\nA sa\u00fade de Ilh\u00e9us est\u00e1 gravemente enferma. E isso n\u00e3o \u00e9 novidade!<br \/>\nNa manh\u00e3 de hoje levei um familiar para fazer um curativo na cabe\u00e7a, depois que sofreu uma pedrada e fui informado por funcion\u00e1rios do posto de Sa\u00fade Sarah (Parque Infantil)que n\u00e3o h\u00e1 no local material para realiza\u00e7\u00e3o desse procedimento. Fui informado ainda que a unidade n\u00e3o realiza exame preventivo h\u00e1 5 meses e atendimento odontol\u00f3gico h\u00e1 cerca de cento e vinte dias. Devemos lembrar que esses profissionais, que n\u00e3o tem culpa de nada, terminam recebendo seus sal\u00e1rios para n\u00e3o trabalharem, pois n\u00e3o tem material. Logo em seguida me dirigir a outros postos de sa\u00fade e presenciei situa\u00e7\u00f5es identicas.<br \/>\nAgora eu fa\u00e7o uma pergunta: se n\u00e3o tem material para um procedimento t\u00e3o simples como um curativo e para os demais?<\/p>\n<p>Parece mesmo que a solu\u00e7\u00e3o para econ\u00f4mica para nossa cidade \u00e9 a instala\u00e7\u00e3o de  &#8220;Pardais&#8221;. E se n\u00e3o for a solu\u00e7\u00e3o para a nossa cidade pelos menos \u00e9 para &#8230; <strong>(cortado\/Rabat)<\/strong><\/p>\n<p>Vivemos em uma cidade falidade com prefeitos e secret\u00e1rios&#8230; <strong>(cortado\/Rabat).<\/strong> Lembro-me quando conhecir &#8230; <strong>(cortado\/Rabat)<\/strong> &#8230; h\u00e1 alguns anos, ele andava com um fiat uno caindo os peda\u00e7os. Recentemente presenteou seu filho com um FIAT PUNTO DE ULTIMA GERA\u00c7\u00c2O, top de linha. Segundo se comentam de &#8230; <strong>(cortado\/Rabat)<\/strong> &#8230; o que ele tinha muito,antes de entrar para a turma do governo, eram protestos. Nimguem desejava vender fiado a esse camarada. No momento, n\u00e3o precisamos nem falar. Aquisi\u00e7\u00e3o de &#8230; <strong>(cortado\/Rabat) &#8230;<\/strong><\/p>\n<p>Gostaria de fazer um convite aos promotores de justi\u00e7a dessa cidade: Visitem os postos de sa\u00fade. Tenham misericordia desse povo sofrido e tomem uma provid\u00eancia. Denunciem. Pelo amor de Deus, deixem seus escrit\u00f3rios e fa\u00e7am alguma coisa.<\/p>\n<p>O povo de Ilh\u00e9us agradece!<\/p>\n<p>Marcos.<\/p>\n<p>&#8212;<br \/>\nEsta mensagem foi enviada atrav\u00e9s do formul\u00e1rio de contato do site R2CPRESS | A Letra Fria da Verdade http:\/\/www.r2cpress.com.br\/v1<br \/>\n<\/marcosbrazileiro><\/p>\n","protected":false},"excerpt":{"rendered":"<p>De: Marcos Assunto: Denuncia: Falta material para curativo nos nostos de sa\u00fade de Ilh\u00e9us. Corpo da mensagem: A sa\u00fade de Ilh\u00e9us est\u00e1 gravemente enferma. E isso n\u00e3o \u00e9 novidade! Na manh\u00e3 de hoje levei um familiar para fazer um curativo na cabe\u00e7a, depois que sofreu uma pedrada e fui informado por funcion\u00e1rios do posto de [&hellip;]<\/p>\n","protected":false},"author":2,"featured_media":0,"comment_status":"open","ping_status":"open","sticky":false,"template":"","format":"standard","meta":{"_links_to":"","_links_to_target":""},"categories":[10],"tags":[],"_links":{"self":[{"href":"https:\/\/www.r2cpress.com.br\/v1\/wp-json\/wp\/v2\/posts\/15566"}],"collection":[{"href":"https:\/\/www.r2cpress.com.br\/v1\/wp-json\/wp\/v2\/posts"}],"about":[{"href":"https:\/\/www.r2cpress.com.br\/v1\/wp-json\/wp\/v2\/types\/post"}],"author":[{"embeddable":true,"href":"https:\/\/www.r2cpress.com.br\/v1\/wp-json\/wp\/v2\/users\/2"}],"replies":[{"embeddable":true,"href":"https:\/\/www.r2cpress.com.br\/v1\/wp-json\/wp\/v2\/comments?post=15566"}],"version-history":[{"count":6,"href":"https:\/\/www.r2cpress.com.br\/v1\/wp-json\/wp\/v2\/posts\/15566\/revisions"}],"predecessor-version":[{"id":15572,"href":"https:\/\/www.r2cpress.com.br\/v1\/wp-json\/wp\/v2\/posts\/15566\/revisions\/15572"}],"wp:attachment":[{"href":"https:\/\/www.r2cpress.com.br\/v1\/wp-json\/wp\/v2\/media?parent=15566"}],"wp:term":[{"taxonomy":"category","embeddable":true,"href":"https:\/\/www.r2cpress.com.br\/v1\/wp-json\/wp\/v2\/categories?post=15566"},{"taxonomy":"post_tag","embeddable":true,"href":"https:\/\/www.r2cpress.com.br\/v1\/wp-json\/wp\/v2\/tags?post=15566"}],"curies":[{"name":"wp","href":"https:\/\/api.w.org\/{rel}","templated":true}]}}