{"id":15592,"date":"2011-05-19T17:38:30","date_gmt":"2011-05-19T20:38:30","guid":{"rendered":"http:\/\/www.r2cpress.com.br\/v1\/?p=15592"},"modified":"2011-05-19T17:38:30","modified_gmt":"2011-05-19T20:38:30","slug":"prisao-de-acusados-do-homicidio-no-centro-da-cidade-de-ilheus","status":"publish","type":"post","link":"https:\/\/www.r2cpress.com.br\/v1\/2011\/05\/19\/prisao-de-acusados-do-homicidio-no-centro-da-cidade-de-ilheus\/","title":{"rendered":"PRIS\u00c3O DE ACUSADOS DO HOMICIDIO NO CENTRO DA CIDADE DE ILH\u00c9US"},"content":{"rendered":"<p><div id=\"attachment_15593\" style=\"width: 310px\" class=\"wp-caption alignleft\"><a href=\"http:\/\/www.r2cpress.com.br\/v1\/wp-content\/uploads\/PRIS\u00c3O-DE-ACUSADOS-DO-HOMICIDIO-NO-CENTRO-DA-CIDADE-DE-ILH\u00c9US.jpg\"><img aria-describedby=\"caption-attachment-15593\" loading=\"lazy\" src=\"http:\/\/www.r2cpress.com.br\/v1\/wp-content\/uploads\/PRIS\u00c3O-DE-ACUSADOS-DO-HOMICIDIO-NO-CENTRO-DA-CIDADE-DE-ILH\u00c9US-300x125.jpg\" alt=\"\" title=\"PRIS\u00c3O DE ACUSADOS DO HOMICIDIO NO CENTRO DA CIDADE DE ILH\u00c9US\" width=\"300\" height=\"125\" class=\"size-medium wp-image-15593\" srcset=\"https:\/\/www.r2cpress.com.br\/v1\/wp-content\/uploads\/PRIS\u00c3O-DE-ACUSADOS-DO-HOMICIDIO-NO-CENTRO-DA-CIDADE-DE-ILH\u00c9US-300x125.jpg 300w, https:\/\/www.r2cpress.com.br\/v1\/wp-content\/uploads\/PRIS\u00c3O-DE-ACUSADOS-DO-HOMICIDIO-NO-CENTRO-DA-CIDADE-DE-ILH\u00c9US.jpg 600w\" sizes=\"(max-width: 300px) 100vw, 300px\" \/><\/a><p id=\"caption-attachment-15593\" class=\"wp-caption-text\">(E) Danilo, T.E.C.G (Nego F\u00fa) e Diego \/ CLIQUE PARA AMPLIAR.<\/p><\/div>Na data de 19\/05\/2011, por volta das 09h00min, policiais militares da 68\u00aa CIPM, deflagraram a\u00e7\u00f5es policiais em resposta ao crime acontecido no centro da cidade no dia 18\/05\/2011, onde3 pessoas foram alvejadas ap\u00f3s tiroteio provocado por disputa entre grupos rivais do trafico de drogas, vindo a \u00f3bito Elvis Brito. Ap\u00f3s denuncias de que parte dos envolvidos no tiroteio encontrava-se no Alto Formoso \u2013 Conquista homiziados numa resid\u00eancia, e se preparavam para empreender fuga, quando foram surpreendidos pelas guarni\u00e7\u00f5es do Peto 6801, RP 6802 e Pelot\u00e3o de Motociclistas durante incurs\u00e3o na localidade, que resultou na pris\u00e3o dos indiv\u00edduos de nome Diego Reis Pitombo, 18 anos, o menor T.E.C.G., vulgo Nego F\u00fa, 17 anos e Danilo Silva Santos, 25 anos, sendo encontrado com os mesmos uma pistola calibre 7,65mm, marca Taurus, com numera\u00e7\u00e3o raspada, e 09 cartuchos intactos, que ser\u00e1 encaminhada ao DPT para ser periciada, j\u00e1 que pode ser uma das armas utilizadas no crime. Que os indiv\u00edduos foram apresentados junto a Delegacia de Policia Civil, para ado\u00e7\u00e3o das medidas legais, e continuidade das diligencias, j\u00e1 que denuncias apontam a participa\u00e7\u00e3o de outros indiv\u00edduos neste crime.<\/p>\n<p>&#8212;<\/p>\n<p>Ag\u00eancia de \u00c1rea 2\u00ba BPM<\/p>\n","protected":false},"excerpt":{"rendered":"<p>Na data de 19\/05\/2011, por volta das 09h00min, policiais militares da 68\u00aa CIPM, deflagraram a\u00e7\u00f5es policiais em resposta ao crime acontecido no centro da cidade no dia 18\/05\/2011, onde3 pessoas foram alvejadas ap\u00f3s tiroteio provocado por disputa entre grupos rivais do trafico de drogas, vindo a \u00f3bito Elvis Brito. Ap\u00f3s denuncias de que parte dos [&hellip;]<\/p>\n","protected":false},"author":2,"featured_media":0,"comment_status":"open","ping_status":"open","sticky":false,"template":"","format":"standard","meta":{"_links_to":"","_links_to_target":""},"categories":[25],"tags":[],"_links":{"self":[{"href":"https:\/\/www.r2cpress.com.br\/v1\/wp-json\/wp\/v2\/posts\/15592"}],"collection":[{"href":"https:\/\/www.r2cpress.com.br\/v1\/wp-json\/wp\/v2\/posts"}],"about":[{"href":"https:\/\/www.r2cpress.com.br\/v1\/wp-json\/wp\/v2\/types\/post"}],"author":[{"embeddable":true,"href":"https:\/\/www.r2cpress.com.br\/v1\/wp-json\/wp\/v2\/users\/2"}],"replies":[{"embeddable":true,"href":"https:\/\/www.r2cpress.com.br\/v1\/wp-json\/wp\/v2\/comments?post=15592"}],"version-history":[{"count":2,"href":"https:\/\/www.r2cpress.com.br\/v1\/wp-json\/wp\/v2\/posts\/15592\/revisions"}],"predecessor-version":[{"id":15595,"href":"https:\/\/www.r2cpress.com.br\/v1\/wp-json\/wp\/v2\/posts\/15592\/revisions\/15595"}],"wp:attachment":[{"href":"https:\/\/www.r2cpress.com.br\/v1\/wp-json\/wp\/v2\/media?parent=15592"}],"wp:term":[{"taxonomy":"category","embeddable":true,"href":"https:\/\/www.r2cpress.com.br\/v1\/wp-json\/wp\/v2\/categories?post=15592"},{"taxonomy":"post_tag","embeddable":true,"href":"https:\/\/www.r2cpress.com.br\/v1\/wp-json\/wp\/v2\/tags?post=15592"}],"curies":[{"name":"wp","href":"https:\/\/api.w.org\/{rel}","templated":true}]}}