{"id":15619,"date":"2011-05-20T08:38:54","date_gmt":"2011-05-20T11:38:54","guid":{"rendered":"http:\/\/www.r2cpress.com.br\/v1\/?p=15619"},"modified":"2011-05-20T08:38:54","modified_gmt":"2011-05-20T11:38:54","slug":"espero-que-nossos-vereadores-nao-adotem-esta-medida","status":"publish","type":"post","link":"https:\/\/www.r2cpress.com.br\/v1\/2011\/05\/20\/espero-que-nossos-vereadores-nao-adotem-esta-medida\/","title":{"rendered":"Espero que nossos vereadores nao adotem esta medida!"},"content":{"rendered":"<p>Rabat.<\/p>\n<p>Hoje pela manha li uma reportagem no Jornal eletr\u00f4nico de OGLOBO que fala sobre a proibi\u00e7\u00e3o dos Supermercados, daquele estado, trabalhar com sacolas pl\u00e1sticas para embalagem.<\/p>\n<p>Analisando o fato pelo lado ecol\u00f3gico, as sacolas pl\u00e1sticas agridem menos que as sacolas de papel. Para serem confeccionados sacos de papel \u00e9 necess\u00e1rio desmatamento de arvores, enquanto as sacolas pl\u00e1sticas, devidamente recicladas, ela servem para vida toda.<\/p>\n<p>O que falta em nosso Pa\u00eds \u00e9 educa\u00e7\u00e3o ambiental. Falta os poderes p\u00fablicos fazerem tamb\u00e9m sua parte, incentivando a cria\u00e7\u00e3o de empresas de reciclagem e conscientizando a popula\u00e7\u00e3o sobre o destino dos lixos gerados pelos mesmos.<\/p>\n<p> <!--more--><\/p>\n<p>As sacolas pl\u00e1sticas que trago para minha resid\u00eancia eu as reutilizo como embalagem para os lixos produzidos por mim, a fim de serem coletadas pela empresa respons\u00e1vel por isto, assim como varias familias que conhe\u00e7o fazem o mesmo procedimento. Hoje 10 sacos de lixos vendidos nos Supermercados est\u00e3o com um pre\u00e7o multo alto e a proibi\u00e7\u00e3o do uso destas sacolas pelos nossos supermercados vai fazer com que o pre\u00e7o deste produto venha a subir muito mais. Pior ser\u00e1 se  adotarmos as medidas que foram impostas pelos Estados Unidos, onde os Supermercados s\u00e3o obrigados a fornecerem sacolas pl\u00e1sticas biodegrad\u00e1veis, ai sim que o pre\u00e7o vai l\u00e1 para cima.<\/p>\n<p>Outro medida que ja sao utilizadas nos grandes centro, por parte dos Supermercados, \u00e9 o fornecimento de sacolas reutilizaveis, por seus clientes. Esta sacola tem seus custos cobertos pela fidelidade do cliente e tambem como veiculo de publicidade dos seus estabelecimentos nas mesmas.<\/p>\n<p>Espero que esta medida n\u00e3o venha a ser aplicado em nosso Estado.<\/p>\n<p>Veja a reportagem do Jornal o Globo no link abaixo:<\/p>\n<p>http:\/\/oglobo.globo.com\/cidades\/mat\/2011\/05\/19\/sp-sacolas-plasticas-serao-proibidas-partir-de-janeiro-924500010.asp <\/p>\n<p>Eduardo Carvalho &#8211; Siri<\/p>\n","protected":false},"excerpt":{"rendered":"<p>Rabat. Hoje pela manha li uma reportagem no Jornal eletr\u00f4nico de OGLOBO que fala sobre a proibi\u00e7\u00e3o dos Supermercados, daquele estado, trabalhar com sacolas pl\u00e1sticas para embalagem. Analisando o fato pelo lado ecol\u00f3gico, as sacolas pl\u00e1sticas agridem menos que as sacolas de papel. Para serem confeccionados sacos de papel \u00e9 necess\u00e1rio desmatamento de arvores, enquanto [&hellip;]<\/p>\n","protected":false},"author":2,"featured_media":0,"comment_status":"open","ping_status":"open","sticky":false,"template":"","format":"standard","meta":{"_links_to":"","_links_to_target":""},"categories":[10],"tags":[],"_links":{"self":[{"href":"https:\/\/www.r2cpress.com.br\/v1\/wp-json\/wp\/v2\/posts\/15619"}],"collection":[{"href":"https:\/\/www.r2cpress.com.br\/v1\/wp-json\/wp\/v2\/posts"}],"about":[{"href":"https:\/\/www.r2cpress.com.br\/v1\/wp-json\/wp\/v2\/types\/post"}],"author":[{"embeddable":true,"href":"https:\/\/www.r2cpress.com.br\/v1\/wp-json\/wp\/v2\/users\/2"}],"replies":[{"embeddable":true,"href":"https:\/\/www.r2cpress.com.br\/v1\/wp-json\/wp\/v2\/comments?post=15619"}],"version-history":[{"count":2,"href":"https:\/\/www.r2cpress.com.br\/v1\/wp-json\/wp\/v2\/posts\/15619\/revisions"}],"predecessor-version":[{"id":15621,"href":"https:\/\/www.r2cpress.com.br\/v1\/wp-json\/wp\/v2\/posts\/15619\/revisions\/15621"}],"wp:attachment":[{"href":"https:\/\/www.r2cpress.com.br\/v1\/wp-json\/wp\/v2\/media?parent=15619"}],"wp:term":[{"taxonomy":"category","embeddable":true,"href":"https:\/\/www.r2cpress.com.br\/v1\/wp-json\/wp\/v2\/categories?post=15619"},{"taxonomy":"post_tag","embeddable":true,"href":"https:\/\/www.r2cpress.com.br\/v1\/wp-json\/wp\/v2\/tags?post=15619"}],"curies":[{"name":"wp","href":"https:\/\/api.w.org\/{rel}","templated":true}]}}