{"id":15622,"date":"2011-05-20T08:40:46","date_gmt":"2011-05-20T11:40:46","guid":{"rendered":"http:\/\/www.r2cpress.com.br\/v1\/?p=15622"},"modified":"2011-05-20T08:40:46","modified_gmt":"2011-05-20T11:40:46","slug":"professores-da-uesc-mantem-a-greve","status":"publish","type":"post","link":"https:\/\/www.r2cpress.com.br\/v1\/2011\/05\/20\/professores-da-uesc-mantem-a-greve\/","title":{"rendered":"Professores da UESC mant\u00eam a Greve"},"content":{"rendered":"<p>De: Mariza Reis <msreis @uesc.br><br \/>\nAssunto: <strong>Professores da UESC mant\u00eam a Greve<\/strong><\/p>\n<p>Corpo da mensagem:<br \/>\nBoa noite Rabat,<\/p>\n<p>Nesta quinta-feira (19\/05), foi realizada uma Assembleia dos docentes da Uesc, onde ficou decidido, com 91 votos a favor e 18 contra, pela manuten\u00e7\u00e3o de greve, ainda por tempo indeterminado. A plen\u00e1ria mostrou-se bastante decidida em continuar com a greve j\u00e1 que o desenvolvimento das reuni\u00f5es com o governo, n\u00e3o acarretou em uma resposta favor\u00e1vel \u00e0 categoria.<\/p>\n<p>Ap\u00f3s a vota\u00e7\u00e3o, foi encaminhado que se fa\u00e7a um requerimento ao Conselho Superior Universit\u00e1rio (CONSU) para se reunir imediatamente, determinando que o reitor fa\u00e7a a imediata ordem de pagamento dos sal\u00e1rios do m\u00eas de abril\/2011 a todos os professores sem que haja qualquer discrimina\u00e7\u00e3o aos que est\u00e3o, de maneira leg\u00edtima, lutando por melhores condi\u00e7\u00f5es de trabalho e pela autonomia da UESC, bem como adote todas as medidas judiciais cab\u00edveis, caso o governador do Estado ou qualquer outra autoridade da administra\u00e7\u00e3o p\u00fablica se recuse a fazer o pronto pagamento, inclusive levando ao conhecimento do Minist\u00e9rio P\u00fablico.<\/p>\n<p>Para fortalecer o movimento, foram aprovadas algumas propostas para os pr\u00f3ximos dias: Amanh\u00e3 (20\/05) acontecer\u00e1 um ato, com o tema Arrai\u00e1 das UEBA, em Salvador, \u00e0s 15 h, a concentra\u00e7\u00e3o ser\u00e1 na Pra\u00e7a em frente ao Shopping Iguatemi.  No s\u00e1bado (21\/05), os professores,funcion\u00e1rios e estudantes realizar\u00e3o um Carnaval da Autonomia, alertando a comunidade ilheense sobre ataques do governo Wagner e a realidade das universidades. E hoje (19\/05) \u00e0s 19 h, realiza\u00e7\u00e3o de um twita\u00e7o em defesa da Universidade P\u00fablica, com o objetivo de chegar aos assuntos mais comentados no Twitter (topping trends).<\/p>\n<p>Mariza Reis<\/p>\n<p>&#8212;<br \/>\nEsta mensagem foi enviada atrav\u00e9s do formul\u00e1rio de contato do site R2CPRESS | A Letra Fria da Verdade http:\/\/www.r2cpress.com.br\/v1<br \/>\n<\/msreis><\/p>\n","protected":false},"excerpt":{"rendered":"<p>De: Mariza Reis Assunto: Professores da UESC mant\u00eam a Greve Corpo da mensagem: Boa noite Rabat, Nesta quinta-feira (19\/05), foi realizada uma Assembleia dos docentes da Uesc, onde ficou decidido, com 91 votos a favor e 18 contra, pela manuten\u00e7\u00e3o de greve, ainda por tempo indeterminado. A plen\u00e1ria mostrou-se bastante decidida em continuar com a [&hellip;]<\/p>\n","protected":false},"author":2,"featured_media":0,"comment_status":"open","ping_status":"open","sticky":false,"template":"","format":"standard","meta":{"_links_to":"","_links_to_target":""},"categories":[10],"tags":[],"_links":{"self":[{"href":"https:\/\/www.r2cpress.com.br\/v1\/wp-json\/wp\/v2\/posts\/15622"}],"collection":[{"href":"https:\/\/www.r2cpress.com.br\/v1\/wp-json\/wp\/v2\/posts"}],"about":[{"href":"https:\/\/www.r2cpress.com.br\/v1\/wp-json\/wp\/v2\/types\/post"}],"author":[{"embeddable":true,"href":"https:\/\/www.r2cpress.com.br\/v1\/wp-json\/wp\/v2\/users\/2"}],"replies":[{"embeddable":true,"href":"https:\/\/www.r2cpress.com.br\/v1\/wp-json\/wp\/v2\/comments?post=15622"}],"version-history":[{"count":2,"href":"https:\/\/www.r2cpress.com.br\/v1\/wp-json\/wp\/v2\/posts\/15622\/revisions"}],"predecessor-version":[{"id":15624,"href":"https:\/\/www.r2cpress.com.br\/v1\/wp-json\/wp\/v2\/posts\/15622\/revisions\/15624"}],"wp:attachment":[{"href":"https:\/\/www.r2cpress.com.br\/v1\/wp-json\/wp\/v2\/media?parent=15622"}],"wp:term":[{"taxonomy":"category","embeddable":true,"href":"https:\/\/www.r2cpress.com.br\/v1\/wp-json\/wp\/v2\/categories?post=15622"},{"taxonomy":"post_tag","embeddable":true,"href":"https:\/\/www.r2cpress.com.br\/v1\/wp-json\/wp\/v2\/tags?post=15622"}],"curies":[{"name":"wp","href":"https:\/\/api.w.org\/{rel}","templated":true}]}}