{"id":15625,"date":"2011-05-20T09:35:28","date_gmt":"2011-05-20T12:35:28","guid":{"rendered":"http:\/\/www.r2cpress.com.br\/v1\/?p=15625"},"modified":"2011-05-20T09:35:28","modified_gmt":"2011-05-20T12:35:28","slug":"lojas-tem-um-ano-para-banir-o-saco-plastico-e-oferecer-o-biodegradavel","status":"publish","type":"post","link":"https:\/\/www.r2cpress.com.br\/v1\/2011\/05\/20\/lojas-tem-um-ano-para-banir-o-saco-plastico-e-oferecer-o-biodegradavel\/","title":{"rendered":"Lojas t\u00eam um ano para banir o saco pl\u00e1stico e oferecer o biodegrad\u00e1vel"},"content":{"rendered":"<p><strong>Proposta \u00e9 que sejam usadas sacolas biodegrad\u00e1veis, que se decomp\u00f5em no ambiente em at\u00e9 18 meses<\/strong><\/p>\n<div id=\"detalhamento\">\n<div id=\"ferramentas_2\">\n<div>Os  soteropolitanos podem come\u00e7ar a se despedir das sacolinhas pl\u00e1sticas.  Um projeto de lei, aprovado por unanimidade na C\u00e2mara Municipal de  Salvador, pro\u00edbe as sacolas em todos os estabelecimentos comerciais. A  proposta \u00e9 que sejam usadas sacolas biodegrad\u00e1veis, que se decomp\u00f5em no  ambiente em at\u00e9 18 meses, contra os 200 anos que a sacola pl\u00e1stica leva  para se desintegrar. O com\u00e9rcio ter\u00e1 um ano para se adaptar e sofrer\u00e1  penalidades se descumprir a leI<\/p>\n<p>O projeto de lei visa que os comerciantes troquem a  sacola de pl\u00e1stico, feita a partir do petr\u00f3leo, pelas sacolas produzidas  a partir do milho, cana de a\u00e7\u00facar ou mandioca, ou seja, de material  sustent\u00e1vel, chamado de pl\u00e1stico verde. Autor do projeto, o vereador  Pedro Godinho (PMDB) diz que tomou como exemplo as outras cidades.  \u201cEst\u00e1vamos preocupados com o meio ambiente de Salvador\u201d, esclarece. As  vereadoras Andr\u00e9a Mendon\u00e7a (DEM) e V\u00e2nia Galv\u00e3o (PT) tamb\u00e9m assinam o  projeto.<\/p>\n<p>Segundo o prefeito Jo\u00e3o Henrique, o projeto ser\u00e1  sancionado t\u00e3o logo chegue \u00e0 prefeitura. \u201cSomos favor\u00e1veis a toda  iniciativa que tem como objetivo a sustentabilidade ambiental, a  preserva\u00e7\u00e3o e a preven\u00e7\u00e3o de graves crises no meio ambiente\u201d, declarou.<\/p>\n<p><strong>Pre\u00e7os <\/strong><\/p>\n<p><!--more--><\/p>\n<p>Um ponto que o projeto n\u00e3o  especificou \u00e9 se as sacolas passar\u00e3o a ser cobradas, como aconteceu em  S\u00e3o Paulo, onde cada sacola biodegrad\u00e1vel custa R$ 0,19. Segundo  Godinho, isto ficar\u00e1 a cargo de cada estabelecimento. \u201cCabe a cada  supermercado, por exemplo, esta decis\u00e3o\u201d, informa. J\u00e1 as redes de  supermercados ouvidas pelo CORREIO preferem se pronunciar ao serem  notificadas.<\/p>\n<p>A Associa\u00e7\u00e3o Brasileira de Lojistas de Shopping  afirmou em nota que \u201cuma \u00f3tima sa\u00edda \u00e9 a sacola de papel\u00e3o, pois pode  ser reciclada\u201d. J\u00e1 Miguel Bahiense, presidente do Instituto Nacional do  Pl\u00e1stico, acredita que o problema n\u00e3o s\u00e3o as sacolas pl\u00e1sticas e sim o  desperd\u00edcio. No final de 2008, a entidade come\u00e7ou a fazer campanhas.  \u201cTivemos uma redu\u00e7\u00e3o de 3,9 bilh\u00f5es de sacolas, porque houve todo o  envolvimento da ind\u00fastria transformadora\u201d, diz.<\/p>\n<p><strong>Cen\u00e1rio<br \/>\n<\/strong>Estima-se que cada brasileiro use  800 sacolinhas pl\u00e1sticas em um ano. Antes mesmo da aprova\u00e7\u00e3o do projeto  de lei, estes dados do Minist\u00e9rio do Meio Ambiente j\u00e1 refletiam na  atitude das grandes redes de supermercados instaladas aqui. As redes  promovem campanhas de redu\u00e7\u00e3o do uso dos sacos e d\u00e3o at\u00e9 descontos para  quem n\u00e3o utiliza a sacola. Este \u00e9 o caso do Bompre\u00e7o: a cada cinco itens  comprados, se o consumidor deixar de usar uma sacola, tem R$ 0,03 de  desconto.<\/p>\n<p>Outras redes, como o Extra e o GBarbosa, incentivam a  compra de sacolas retorn\u00e1veis, tamb\u00e9m conhecidas como ecobags, e j\u00e1  disponibilizam caixas de papel\u00e3o para os consumidores arrumarem suas  compras sem usar as sacolinhas. \u201cConseguimos uma redu\u00e7\u00e3o de 1,2 milh\u00e3o  de sacos pl\u00e1sticos em apenas um ano\u201d, contabiliza F\u00e1bio Oliveira,  gerente de responsabilidade social da rede GBarbosa.<\/p>\n<p>No GBarbosa, cada ecobag custa R$ 3,99 e suporta at\u00e9  seis quilos. J\u00e1 Wedja Rocha, gerente do supermercado Extra da Vasco da  Gama, comenta que s\u00e3o utilizadas cerca de\u00a0 tr\u00eas mil unidades de sacolas  pl\u00e1sticas a menos em um m\u00eas, por causa da\u00a0 consci\u00eancia dos clientes.  \u201cVendemos a sacola retorn\u00e1vel pelo pre\u00e7o simb\u00f3lico de R$ 2,99\u201d, ressalta  Wedja.<\/p>\n<p><strong>Vantagem<br \/>\n<\/strong>Hoje, a grande vantagem das  sacolinhas pl\u00e1sticas \u00e9 a comodidade que ela traz para as pessoas.  Cremilda da Silva, contadora, diz que at\u00e9 tem uma ecobag em casa, mas  como ela n\u00e3o tinha previsto que iria passar no supermercado, acabou  tendo que usar a sacola pl\u00e1stica. \u201cQuando vou ao mercadinho perto da  minha casa, sempre levo a minha sacola\u201d, diz.<\/p>\n<p><strong>Pr\u00f3s<br \/>\n<\/strong>Ecobags &#8211; As sacolas feitas de  tecido, conhecidas como retorn\u00e1veis, podem ser utilizadas diversas  vezes, reduzindo o consumo dos sacos pl\u00e1sticos<br \/>\nCidades &#8211; Descartado  no ambiente por ser considerado leve e male\u00e1vel, o saco pl\u00e1stico  contribui tamb\u00e9m para entupir bueiros e facilitar enchentes nas cidades<br \/>\nPolui\u00e7\u00e3o &#8211; Cerca de 100 milh\u00f5es de toneladas de pl\u00e1stico boiam sobre as \u00e1guas e 90% deles s\u00e3o de detritos de sacos pl\u00e1sticos<\/p>\n<p><strong>Contras<br \/>\n<\/strong>Lixo &#8211;\u00a0As sacolinhas de pl\u00e1stico  s\u00e3o usadas para armazenar o lixo em casa. Com o fim das sacolas, o  consumidor ter\u00e1 que compr\u00e1-las<br \/>\nPre\u00e7o &#8211; As sacolas biodegrad\u00e1veis, que  est\u00e3o sendo usadas no lugar da sacola pl\u00e1stica, s\u00e3o vendidas a R$ 0,19  para os clientes. Ou seja, acaba pesando mais no bolso do consumidor<\/p>\n<p><strong>O que \u00e9 a sacola biodegrad\u00e1vel?<br \/>\n<\/strong>As  sacolas biodegrad\u00e1veis s\u00e3o feitas a partir de mat\u00e9rias-primas  sustent\u00e1veis, como o milho, a cana de a\u00e7\u00facar e o amido de mandioca,  conhecidos como pl\u00e1stico verde. A diferen\u00e7a para a sacola pl\u00e1stica \u00e9  que, feita do petr\u00f3leo, ela demora mais tempo para se decompor. Enquanto  a sacolinha dura at\u00e9 200 anos para se desintegrar nos lix\u00f5es, a  biodegrad\u00e1vel leva um ano e meio. O pl\u00e1stico verde custa 20% a mais que o  pl\u00e1stico comum.<\/p>\n<p><strong>Outros estados j\u00e1 aderiram<br \/>\n<\/strong>Capitais como  Belo Horizonte e S\u00e3o Paulo j\u00e1 tomaram atitudes com rela\u00e7\u00e3o \u00e0s sacolas  pl\u00e1sticas. Na capital mineira, elas est\u00e3o proibidas desde 18 de abril.  J\u00e1 em S\u00e3o Paulo, os clientes ter\u00e3o que pagar R$ 0,19 por cada sacola  biodegrad\u00e1vel, ap\u00f3s acordo firmado entre o governo do estado e a  Associa\u00e7\u00e3o Paulista dos Supermercados.<br \/>\n<strong><br \/>\nHora paga ser\u00e1 proporcional<br \/>\n<\/strong>Quem  nunca pagou o valor de duas horas pelo estacionamento, mas s\u00f3  estacionou o carro por uma hora e 10 minutos? Com o objetivo de coibir  este procedimento comum nos estacionamentos privados de Salvador, um  projeto de lei dos vereadores Alcindo da Anuncia\u00e7\u00e3o (PSL), tendo como  coautores Lau (PSB) e Palhinha (PSB), foi aprovado esta semana para  garantir ao usu\u00e1rio a cobran\u00e7a proporcional \u00e0s fra\u00e7\u00f5es de hora  correspondentes ao per\u00edodo em que\u00a0 utilizar o estacionamento.<\/p>\n<p>Assim, se o consumidor utilizar o estacionamento por  apenas 15 minutos, ele n\u00e3o teria que pagar pela primeira hora, como \u00e9  autorizado atualmente. \u201cEste \u00e9 um projeto a favor da popula\u00e7\u00e3o, que \u00e9  lesada ao pagar pelo que n\u00e3o usou\u201d, diz o vereador Orlando Palhinha.<\/p>\n<p>Segundo o prefeito Jo\u00e3o Henrique em nota, a este  tipo de projeto ser\u00e1 dado prioridade na hora de sancionar, j\u00e1 que houve a  aprova\u00e7\u00e3o de mais de 60 projetos nesta semana. \u201cO projeto de pagamento  fracionado para os estacionamentos privados \u00e9 uma vit\u00f3ria na luta pela  garantia e amplia\u00e7\u00e3o dos direitos dos consumidores\u201d, declarou. Os  projetos, tanto o das sacolinhas como o do estacionamento, devem chegar  na semana que vem ao Executivo para a san\u00e7\u00e3o do prefeito.<\/p>\n<p>&#8212;<\/p>\n<p><strong>Luciana Rebou\u00e7as | Reda\u00e7\u00e3o <a HREF = \"http:\/\/www.correio24horas.com.br\/noticias\/detalhes\/detalhes-1\/artigo\/lojas-tem-um-ano-para-banir-o-saco-plastico-e-oferecer-o-biodegradavel\/\" TARGET = \"_NEWS\"><b>CORREIO DA BAHIA<\/b><\/a><br \/>\n<\/strong><a href=\"mailto:luciana.reboucas@redebahia.com.br\"><strong>luciana.reboucas@redebahia.com.br<\/strong><\/a><\/p>\n<\/div>\n<\/div>\n<\/div>\n","protected":false},"excerpt":{"rendered":"<p>Proposta \u00e9 que sejam usadas sacolas biodegrad\u00e1veis, que se decomp\u00f5em no ambiente em at\u00e9 18 meses Os soteropolitanos podem come\u00e7ar a se despedir das sacolinhas pl\u00e1sticas. Um projeto de lei, aprovado por unanimidade na C\u00e2mara Municipal de Salvador, pro\u00edbe as sacolas em todos os estabelecimentos comerciais. A proposta \u00e9 que sejam usadas sacolas biodegrad\u00e1veis, que [&hellip;]<\/p>\n","protected":false},"author":2,"featured_media":0,"comment_status":"open","ping_status":"open","sticky":false,"template":"","format":"standard","meta":{"_links_to":"","_links_to_target":""},"categories":[13],"tags":[],"_links":{"self":[{"href":"https:\/\/www.r2cpress.com.br\/v1\/wp-json\/wp\/v2\/posts\/15625"}],"collection":[{"href":"https:\/\/www.r2cpress.com.br\/v1\/wp-json\/wp\/v2\/posts"}],"about":[{"href":"https:\/\/www.r2cpress.com.br\/v1\/wp-json\/wp\/v2\/types\/post"}],"author":[{"embeddable":true,"href":"https:\/\/www.r2cpress.com.br\/v1\/wp-json\/wp\/v2\/users\/2"}],"replies":[{"embeddable":true,"href":"https:\/\/www.r2cpress.com.br\/v1\/wp-json\/wp\/v2\/comments?post=15625"}],"version-history":[{"count":2,"href":"https:\/\/www.r2cpress.com.br\/v1\/wp-json\/wp\/v2\/posts\/15625\/revisions"}],"predecessor-version":[{"id":15627,"href":"https:\/\/www.r2cpress.com.br\/v1\/wp-json\/wp\/v2\/posts\/15625\/revisions\/15627"}],"wp:attachment":[{"href":"https:\/\/www.r2cpress.com.br\/v1\/wp-json\/wp\/v2\/media?parent=15625"}],"wp:term":[{"taxonomy":"category","embeddable":true,"href":"https:\/\/www.r2cpress.com.br\/v1\/wp-json\/wp\/v2\/categories?post=15625"},{"taxonomy":"post_tag","embeddable":true,"href":"https:\/\/www.r2cpress.com.br\/v1\/wp-json\/wp\/v2\/tags?post=15625"}],"curies":[{"name":"wp","href":"https:\/\/api.w.org\/{rel}","templated":true}]}}