{"id":15632,"date":"2011-05-20T10:00:10","date_gmt":"2011-05-20T13:00:10","guid":{"rendered":"http:\/\/www.r2cpress.com.br\/v1\/?p=15632"},"modified":"2011-05-20T10:00:10","modified_gmt":"2011-05-20T13:00:10","slug":"liminar-derruba-medidas-da-sde-contra-movimento-dos-medicos","status":"publish","type":"post","link":"https:\/\/www.r2cpress.com.br\/v1\/2011\/05\/20\/liminar-derruba-medidas-da-sde-contra-movimento-dos-medicos\/","title":{"rendered":"Liminar derruba medidas da SDE contra movimento dos m\u00e9dicos"},"content":{"rendered":"<p><em><strong>Concess\u00e3o da liminar restaura a livre manifesta\u00e7\u00e3o das entidades m\u00e9dicas e na defesa intransigente dos direitos dos pacientes<\/strong><\/em><\/p>\n<p>Nesta quinta-feira (19\/5), foi derrubada por liminar a medida da Secretaria de Direito Econ\u00f4mico (SDE), do Minist\u00e9rio da Justi\u00e7a, que proibia m\u00e9dicos de suspenderem o atendimento aos planos de sa\u00fade, organizar mobiliza\u00e7\u00f5es e coordenar descredenciamentos em massa e recomendava a condena\u00e7\u00e3o da Associa\u00e7\u00e3o M\u00e9dica Brasileira (AMB), Conselho Federal de Medicina (CFM) e Federa\u00e7\u00e3o Nacional dos M\u00e9dicos (Fenam) por coordenarem as mobiliza\u00e7\u00f5es nacionais de 7 de abril.<\/p>\n<p><!--more--><\/p>\n<p>Para o presidente do Sindicato dos M\u00e9dicos de S\u00e3o Paulo (Simesp) e da Fenam, Cid Carvalhaes, a concess\u00e3o da liminar restaura a livre manifesta\u00e7\u00e3o das entidades m\u00e9dicas na defesa dos leg\u00edtimos interesses da categoria, o que representa vit\u00f3ria relevante do movimento m\u00e9dico brasileiro. \u201cA a\u00e7\u00e3o prepotente, ditatorial e discriminat\u00f3ria da SDE feria os princ\u00edpios da liberdade e da representa\u00e7\u00e3o sindical. O Sindicato e o movimento m\u00e9dico brasileiro, inconformados com esta medida absurda, sempre depositaram toda confian\u00e7a na a\u00e7\u00e3o \u00e1gil do judici\u00e1rio para banir decis\u00f5es absurdas e ilegais, afirma Carvalhaes.<\/p>\n<p>O CFM havia proposto na segunda-feira (16\/5), a\u00e7\u00e3o ordin\u00e1ria na Justi\u00e7a Federal, em Bras\u00edlia, contra o processo da SDE. O juiz da 3\u00aa Vara Federal de Bras\u00edlia declinou da compet\u00eancia de julgar a a\u00e7\u00e3o proposta pela Fenam, transferindo a mesma para o juiz da 9\u00aa Vara, Antonio Corr\u00eaa, que concedeu a liminar ao pedido do Conselho. Junto com a decis\u00e3o, tamb\u00e9m veio a informa\u00e7\u00e3o da demiss\u00e3o do secret\u00e1rio de Direito Econ\u00f4mico, Vin\u00edcius Marques de Carvalho.<\/p>\n<p>Segundo Carvalhaes, todas estas a\u00e7\u00f5es pol\u00edticas convergem de maneira s\u00f3lida para conquistas definitivas na defesa intransigente dos direitos dos pacientes, na preserva\u00e7\u00e3o da cidadania e na garantia do exerc\u00edcio profissional em condi\u00e7\u00f5es dignas de trabalho e remunera\u00e7\u00e3o.<\/p>\n","protected":false},"excerpt":{"rendered":"<p>Concess\u00e3o da liminar restaura a livre manifesta\u00e7\u00e3o das entidades m\u00e9dicas e na defesa intransigente dos direitos dos pacientes Nesta quinta-feira (19\/5), foi derrubada por liminar a medida da Secretaria de Direito Econ\u00f4mico (SDE), do Minist\u00e9rio da Justi\u00e7a, que proibia m\u00e9dicos de suspenderem o atendimento aos planos de sa\u00fade, organizar mobiliza\u00e7\u00f5es e coordenar descredenciamentos em massa [&hellip;]<\/p>\n","protected":false},"author":2,"featured_media":0,"comment_status":"open","ping_status":"open","sticky":false,"template":"","format":"standard","meta":{"_links_to":"","_links_to_target":""},"categories":[24],"tags":[],"_links":{"self":[{"href":"https:\/\/www.r2cpress.com.br\/v1\/wp-json\/wp\/v2\/posts\/15632"}],"collection":[{"href":"https:\/\/www.r2cpress.com.br\/v1\/wp-json\/wp\/v2\/posts"}],"about":[{"href":"https:\/\/www.r2cpress.com.br\/v1\/wp-json\/wp\/v2\/types\/post"}],"author":[{"embeddable":true,"href":"https:\/\/www.r2cpress.com.br\/v1\/wp-json\/wp\/v2\/users\/2"}],"replies":[{"embeddable":true,"href":"https:\/\/www.r2cpress.com.br\/v1\/wp-json\/wp\/v2\/comments?post=15632"}],"version-history":[{"count":2,"href":"https:\/\/www.r2cpress.com.br\/v1\/wp-json\/wp\/v2\/posts\/15632\/revisions"}],"predecessor-version":[{"id":15634,"href":"https:\/\/www.r2cpress.com.br\/v1\/wp-json\/wp\/v2\/posts\/15632\/revisions\/15634"}],"wp:attachment":[{"href":"https:\/\/www.r2cpress.com.br\/v1\/wp-json\/wp\/v2\/media?parent=15632"}],"wp:term":[{"taxonomy":"category","embeddable":true,"href":"https:\/\/www.r2cpress.com.br\/v1\/wp-json\/wp\/v2\/categories?post=15632"},{"taxonomy":"post_tag","embeddable":true,"href":"https:\/\/www.r2cpress.com.br\/v1\/wp-json\/wp\/v2\/tags?post=15632"}],"curies":[{"name":"wp","href":"https:\/\/api.w.org\/{rel}","templated":true}]}}