{"id":15657,"date":"2011-05-20T20:00:27","date_gmt":"2011-05-20T23:00:27","guid":{"rendered":"http:\/\/www.r2cpress.com.br\/v1\/?p=15657"},"modified":"2011-05-20T17:00:46","modified_gmt":"2011-05-20T20:00:46","slug":"do-fundo-do-bau-de-jose-leite-especial-4","status":"publish","type":"post","link":"https:\/\/www.r2cpress.com.br\/v1\/2011\/05\/20\/do-fundo-do-bau-de-jose-leite-especial-4\/","title":{"rendered":"DO FUNDO DO BA\u00da DE JOS\u00c9 LEITE (ESPECIAL)"},"content":{"rendered":"<p><img SRC = \"http:\/\/www.r2cpress.com.br\/v1\/wp-content\/uploads\/tampa-do-ba%C3%BA-com-camisa.jpg\"\/><br \/>\n<b>1)\tOS 80 ANOS DE UM GRANDE INSTRUTOR<br \/>\n2)\tAS FOTOS DESTAQUES DA SEMANA<\/b><\/p>\n<p><!--more--><\/p>\n<p>***<\/p>\n<p><b><center>OS 80 ANOS DE UM GRANDE INSTRUTOR:<br \/>\nC\u00c1SSIO DUARTE DA SILVEIRA<\/center><\/b><\/p>\n<p>O TIRO DE GUERRA DE ILH\u00c9US da d\u00e9cada de 1958 a 1968 teve como Chefe de Instru\u00e7\u00e3o o ent\u00e3o 2\u00ba SARGENTO C\u00c1SSIO DUARTE DA SILVEIRA, hoje Tenente QAD e residente na cidade de PIQUETE \u2013 S\u00c3O PAULO. Para alegria de todos n\u00f3s, ex. atiradores, e dos seus familiares, o nosso ex. Instrutor SARGENTO C\u00c1SSIO, completou 80 anos na \u00faltima ter\u00e7a feira (17-05-2011) com muita sa\u00fade e alegria.<br \/>\nA turma que serviu no ano de 1964 est\u00e1 ansiosa que chegue o ano de 2014 para comemorar os \u201c50 ANOS\u201d com a presen\u00e7a do nosso sempre querido ex. Instrutor C\u00c1SSIO DUARTE DA SILVEIRA que j\u00e1 confirmou sua presen\u00e7a junto com sua esposa DONA TEREZINHA na grande festa de Comemora\u00e7\u00e3o.<\/p>\n<div id=\"attachment_15658\" style=\"width: 310px\" class=\"wp-caption aligncenter\"><a href=\"http:\/\/www.r2cpress.com.br\/v1\/wp-content\/uploads\/130.jpg\"><img aria-describedby=\"caption-attachment-15658\" loading=\"lazy\" src=\"http:\/\/www.r2cpress.com.br\/v1\/wp-content\/uploads\/130-300x238.jpg\" alt=\"\" title=\"O ex. Sargento C\u00c1SSIO DUARTE DA SILVEIRA sendo homenageado pelo ex. Atirador da turma de 1964, JOS\u00c9 LEITE DE SOUZA, em comemora\u00e7\u00e3o aos 30 anos da Turma de 1964. (Foto: 19-06-1994)\" width=\"300\" height=\"238\" class=\"size-medium wp-image-15658\" srcset=\"https:\/\/www.r2cpress.com.br\/v1\/wp-content\/uploads\/130-300x238.jpg 300w, https:\/\/www.r2cpress.com.br\/v1\/wp-content\/uploads\/130.jpg 894w\" sizes=\"(max-width: 300px) 100vw, 300px\" \/><\/a><p id=\"caption-attachment-15658\" class=\"wp-caption-text\">O ex. Sargento C\u00c1SSIO DUARTE DA SILVEIRA sendo homenageado pelo ex. Atirador da turma de 1964, JOS\u00c9 LEITE DE SOUZA, em comemora\u00e7\u00e3o aos 30 anos da Turma de 1964. (Foto: 19-06-1994)<\/p><\/div>\n<div id=\"attachment_15659\" style=\"width: 310px\" class=\"wp-caption aligncenter\"><a href=\"http:\/\/www.r2cpress.com.br\/v1\/wp-content\/uploads\/212.jpg\"><img aria-describedby=\"caption-attachment-15659\" loading=\"lazy\" src=\"http:\/\/www.r2cpress.com.br\/v1\/wp-content\/uploads\/212-300x242.jpg\" alt=\"\" title=\"Sargento C\u00c1SSIO e sua esposa DONA TEREZINHA (Foto: 19-06-1994)\" width=\"300\" height=\"242\" class=\"size-medium wp-image-15659\" srcset=\"https:\/\/www.r2cpress.com.br\/v1\/wp-content\/uploads\/212-300x242.jpg 300w, https:\/\/www.r2cpress.com.br\/v1\/wp-content\/uploads\/212.jpg 745w\" sizes=\"(max-width: 300px) 100vw, 300px\" \/><\/a><p id=\"caption-attachment-15659\" class=\"wp-caption-text\">Sargento C\u00c1SSIO e sua esposa DONA TEREZINHA (Foto: 19-06-1994)<\/p><\/div>\n<div id=\"attachment_15660\" style=\"width: 310px\" class=\"wp-caption aligncenter\"><a href=\"http:\/\/www.r2cpress.com.br\/v1\/wp-content\/uploads\/312.jpg\"><img aria-describedby=\"caption-attachment-15660\" loading=\"lazy\" src=\"http:\/\/www.r2cpress.com.br\/v1\/wp-content\/uploads\/312-300x242.jpg\" alt=\"\" title=\"Sargento C\u00c1SSIO e DONA TEREZINHA ladeados por ex. Atiradores na missa de A\u00e7\u00e3o de Gra\u00e7as na CATEDRAL DE S\u00c3O SEBASTI\u00c3O. (Foto: 19-06-1994)\" width=\"300\" height=\"242\" class=\"size-medium wp-image-15660\" srcset=\"https:\/\/www.r2cpress.com.br\/v1\/wp-content\/uploads\/312-300x242.jpg 300w, https:\/\/www.r2cpress.com.br\/v1\/wp-content\/uploads\/312.jpg 745w\" sizes=\"(max-width: 300px) 100vw, 300px\" \/><\/a><p id=\"caption-attachment-15660\" class=\"wp-caption-text\">Sargento C\u00c1SSIO e DONA TEREZINHA ladeados por ex. Atiradores na missa de A\u00e7\u00e3o de Gra\u00e7as na CATEDRAL DE S\u00c3O SEBASTI\u00c3O. (Foto: 19-06-1994)<\/p><\/div>\n<div id=\"attachment_15662\" style=\"width: 310px\" class=\"wp-caption aligncenter\"><a href=\"http:\/\/www.r2cpress.com.br\/v1\/wp-content\/uploads\/412.jpg\"><img aria-describedby=\"caption-attachment-15662\" loading=\"lazy\" src=\"http:\/\/www.r2cpress.com.br\/v1\/wp-content\/uploads\/412-300x225.jpg\" alt=\"\" title=\"Depois da MISSA, Sargento C\u00c1SSIO, sua esposa DONA TEREZINHA e ex. Atiradores em frente a CATEDRAL DE S\u00c3O SEBASTI\u00c3O. (Foto: 19-06-1994)\" width=\"300\" height=\"225\" class=\"size-medium wp-image-15662\" srcset=\"https:\/\/www.r2cpress.com.br\/v1\/wp-content\/uploads\/412-300x225.jpg 300w, https:\/\/www.r2cpress.com.br\/v1\/wp-content\/uploads\/412.jpg 864w\" sizes=\"(max-width: 300px) 100vw, 300px\" \/><\/a><p id=\"caption-attachment-15662\" class=\"wp-caption-text\">Depois da MISSA, Sargento C\u00c1SSIO, sua esposa DONA TEREZINHA e ex. Atiradores em frente a CATEDRAL DE S\u00c3O SEBASTI\u00c3O. (Foto: 19-06-1994)<\/p><\/div>\n<div id=\"attachment_15663\" style=\"width: 310px\" class=\"wp-caption aligncenter\"><a href=\"http:\/\/www.r2cpress.com.br\/v1\/wp-content\/uploads\/512.jpg\"><img aria-describedby=\"caption-attachment-15663\" loading=\"lazy\" src=\"http:\/\/www.r2cpress.com.br\/v1\/wp-content\/uploads\/512-300x248.jpg\" alt=\"\" title=\"Jornal DI\u00c1RIO DA TARDE edi\u00e7\u00e3o de 28-06-1994\" width=\"300\" height=\"248\" class=\"size-medium wp-image-15663\" srcset=\"https:\/\/www.r2cpress.com.br\/v1\/wp-content\/uploads\/512-300x248.jpg 300w, https:\/\/www.r2cpress.com.br\/v1\/wp-content\/uploads\/512.jpg 652w\" sizes=\"(max-width: 300px) 100vw, 300px\" \/><\/a><p id=\"caption-attachment-15663\" class=\"wp-caption-text\">Jornal DI\u00c1RIO DA TARDE edi\u00e7\u00e3o de 28-06-1994<\/p><\/div>\n<p><b><center>AS FOTOS DESTAQUES DA SEMANA<\/center><\/b><\/p>\n<p>As Entidades e Sociedade Organizada de Ilh\u00e9us t\u00eam a obriga\u00e7\u00e3o de Solicitar \u00e0 dire\u00e7\u00e3o do \u201cPROGRAMA DO J\u00d4\u201d que veja tamb\u00e9m o outro lado da moeda, ou seja, o lado positivo com a Constru\u00e7\u00e3o do Porto Sul.<\/p>\n<div id=\"attachment_15664\" style=\"width: 310px\" class=\"wp-caption aligncenter\"><a href=\"http:\/\/www.r2cpress.com.br\/v1\/wp-content\/uploads\/612.jpg\"><img aria-describedby=\"caption-attachment-15664\" loading=\"lazy\" src=\"http:\/\/www.r2cpress.com.br\/v1\/wp-content\/uploads\/612-300x210.jpg\" alt=\"\" title=\"Entre os muitos Conhecedores do assunto que poderiam ser convidados est\u00e3o os empres\u00e1rios LIB\u00c9RIO MENEZES e NILTON CRUZ (Presidente da ASSOCIA\u00c7\u00c3O COMERCIAL DE ILH\u00c9US). (Foto: Outubro\/2008)\" width=\"300\" height=\"210\" class=\"size-medium wp-image-15664\" srcset=\"https:\/\/www.r2cpress.com.br\/v1\/wp-content\/uploads\/612-300x210.jpg 300w, https:\/\/www.r2cpress.com.br\/v1\/wp-content\/uploads\/612.jpg 857w\" sizes=\"(max-width: 300px) 100vw, 300px\" \/><\/a><p id=\"caption-attachment-15664\" class=\"wp-caption-text\">Entre os muitos Conhecedores do assunto que poderiam ser convidados est\u00e3o os empres\u00e1rios LIB\u00c9RIO MENEZES e NILTON CRUZ (Presidente da ASSOCIA\u00c7\u00c3O COMERCIAL DE ILH\u00c9US). (Foto: Outubro\/2008)<\/p><\/div>\n<div id=\"attachment_15665\" style=\"width: 310px\" class=\"wp-caption aligncenter\"><a href=\"http:\/\/www.r2cpress.com.br\/v1\/wp-content\/uploads\/712.jpg\"><img aria-describedby=\"caption-attachment-15665\" loading=\"lazy\" src=\"http:\/\/www.r2cpress.com.br\/v1\/wp-content\/uploads\/712-300x193.jpg\" alt=\"\" title=\"DESTAQUE para os Saudosos JURACI CARDOSO (Advogado), ZECA BITENCOURT (Agricultor) e ENOQUE RAMOS (Comerciante), todos os tr\u00eas hoje com moradia no REINO DE DEUS. (Foto: D\u00e9cada de 1970)\" width=\"300\" height=\"193\" class=\"size-medium wp-image-15665\" srcset=\"https:\/\/www.r2cpress.com.br\/v1\/wp-content\/uploads\/712-300x193.jpg 300w, https:\/\/www.r2cpress.com.br\/v1\/wp-content\/uploads\/712.jpg 878w\" sizes=\"(max-width: 300px) 100vw, 300px\" \/><\/a><p id=\"caption-attachment-15665\" class=\"wp-caption-text\">DESTAQUE para os Saudosos JURACI CARDOSO (Advogado), ZECA BITENCOURT (Agricultor) e ENOQUE RAMOS (Comerciante), todos os tr\u00eas hoje com moradia no REINO DE DEUS. (Foto: D\u00e9cada de 1970)<\/p><\/div>\n<div id=\"attachment_15666\" style=\"width: 310px\" class=\"wp-caption aligncenter\"><a href=\"http:\/\/www.r2cpress.com.br\/v1\/wp-content\/uploads\/812.jpg\"><img aria-describedby=\"caption-attachment-15666\" loading=\"lazy\" src=\"http:\/\/www.r2cpress.com.br\/v1\/wp-content\/uploads\/812-300x201.jpg\" alt=\"\" title=\"E meu amigo MAURICIO MAROM, um dos melhores jornalistas do Sul da Bahia, h\u00e1 poucos anos atr\u00e1s pegou um v\u00f4o errado, ia para JUAZEIRO DA BAHIA e foi parar em JUAZEIRO DO NORTE. Chegou ao centro da cidade \u00e0s 12 horas da noite e teve de retornar para o Aeroporto \u00e0s 4 horas da madrugada. Diz ele que chegou a conhecer a Pra\u00e7a Padre C\u00edcero. Agora convidado para a FESTA DO CENTEN\u00c1RIO, vai conhecer JUAZEIRO DO NORTE pelo dia. (Foto: Maio\/2011)\" width=\"300\" height=\"201\" class=\"size-medium wp-image-15666\" srcset=\"https:\/\/www.r2cpress.com.br\/v1\/wp-content\/uploads\/812-300x201.jpg 300w, https:\/\/www.r2cpress.com.br\/v1\/wp-content\/uploads\/812.jpg 719w\" sizes=\"(max-width: 300px) 100vw, 300px\" \/><\/a><p id=\"caption-attachment-15666\" class=\"wp-caption-text\">E meu amigo MAURICIO MAROM, um dos melhores jornalistas do Sul da Bahia, h\u00e1 poucos anos atr\u00e1s pegou um v\u00f4o errado, ia para JUAZEIRO DA BAHIA e foi parar em JUAZEIRO DO NORTE. Chegou ao centro da cidade \u00e0s 12 horas da noite e teve de retornar para o Aeroporto \u00e0s 4 horas da madrugada. Diz ele que chegou a conhecer a Pra\u00e7a Padre C\u00edcero. Agora convidado para a FESTA DO CENTEN\u00c1RIO, vai conhecer JUAZEIRO DO NORTE pelo dia. (Foto: Maio\/2011)<\/p><\/div>\n<div id=\"attachment_15667\" style=\"width: 310px\" class=\"wp-caption aligncenter\"><a href=\"http:\/\/www.r2cpress.com.br\/v1\/wp-content\/uploads\/912.jpg\"><img aria-describedby=\"caption-attachment-15667\" loading=\"lazy\" src=\"http:\/\/www.r2cpress.com.br\/v1\/wp-content\/uploads\/912-300x210.jpg\" alt=\"\" title=\"Viajar para JUAZEIRO DO NORTE e fazer uma visita a DONA ASSUN\u00c7\u00c3O GON\u00c7ALVES \u00e9 sempre uma alegria, foi o que aconteceu na \u00faltima Semana Santa. DONA ASSUN\u00c7\u00c3O GON\u00c7ALVES: Ex. Professora, Historiadora, Pintora, Escritora e afilhada do PADRE C\u00cdCERO. DONA ASSUN\u00c7\u00c3O GON\u00c7ALVES tamb\u00e9m faz parte da Hist\u00f3ria de JUAZEIRO DO NORTE. (Foto: 23-04-2011)\" width=\"300\" height=\"210\" class=\"size-medium wp-image-15667\" srcset=\"https:\/\/www.r2cpress.com.br\/v1\/wp-content\/uploads\/912-300x210.jpg 300w, https:\/\/www.r2cpress.com.br\/v1\/wp-content\/uploads\/912.jpg 854w\" sizes=\"(max-width: 300px) 100vw, 300px\" \/><\/a><p id=\"caption-attachment-15667\" class=\"wp-caption-text\">Viajar para JUAZEIRO DO NORTE e fazer uma visita a DONA ASSUN\u00c7\u00c3O GON\u00c7ALVES \u00e9 sempre uma alegria, foi o que aconteceu na \u00faltima Semana Santa. DONA ASSUN\u00c7\u00c3O GON\u00c7ALVES: Ex. Professora, Historiadora, Pintora, Escritora e afilhada do PADRE C\u00cdCERO. DONA ASSUN\u00c7\u00c3O GON\u00c7ALVES tamb\u00e9m faz parte da Hist\u00f3ria de JUAZEIRO DO NORTE. (Foto: 23-04-2011)<\/p><\/div>\n<div id=\"attachment_15668\" style=\"width: 310px\" class=\"wp-caption aligncenter\"><a href=\"http:\/\/www.r2cpress.com.br\/v1\/wp-content\/uploads\/1011.jpg\"><img aria-describedby=\"caption-attachment-15668\" loading=\"lazy\" src=\"http:\/\/www.r2cpress.com.br\/v1\/wp-content\/uploads\/1011-300x210.jpg\" alt=\"\" title=\"Um grande abra\u00e7o para meus compadres WLADEMIR e EDILEUZA em JUAZEIRO DO NORTE. (Foto: 24-04-2011)\" width=\"300\" height=\"210\" class=\"size-medium wp-image-15668\" srcset=\"https:\/\/www.r2cpress.com.br\/v1\/wp-content\/uploads\/1011-300x210.jpg 300w, https:\/\/www.r2cpress.com.br\/v1\/wp-content\/uploads\/1011.jpg 864w\" sizes=\"(max-width: 300px) 100vw, 300px\" \/><\/a><p id=\"caption-attachment-15668\" class=\"wp-caption-text\">Um grande abra\u00e7o para meus compadres WLADEMIR e EDILEUZA em JUAZEIRO DO NORTE. (Foto: 24-04-2011)<\/p><\/div>\n<div id=\"attachment_15669\" style=\"width: 310px\" class=\"wp-caption aligncenter\"><a href=\"http:\/\/www.r2cpress.com.br\/v1\/wp-content\/uploads\/1113.jpg\"><img aria-describedby=\"caption-attachment-15669\" loading=\"lazy\" src=\"http:\/\/www.r2cpress.com.br\/v1\/wp-content\/uploads\/1113-300x202.jpg\" alt=\"\" title=\"VIRG\u00cdLIA AO SANT\u00cdSSIMO SACRAMENTO que acontece sempre na Quinta e Sexta Feira Santa na BAS\u00cdLICA DE NOSSA SENHORA DAS DORES em JUAZEIRO DO NORTE \u2013 CEAR\u00c1 (Foto: 22-04-2011)\" width=\"300\" height=\"202\" class=\"size-medium wp-image-15669\" srcset=\"https:\/\/www.r2cpress.com.br\/v1\/wp-content\/uploads\/1113-300x202.jpg 300w, https:\/\/www.r2cpress.com.br\/v1\/wp-content\/uploads\/1113.jpg 878w\" sizes=\"(max-width: 300px) 100vw, 300px\" \/><\/a><p id=\"caption-attachment-15669\" class=\"wp-caption-text\">VIRG\u00cdLIA AO SANT\u00cdSSIMO SACRAMENTO que acontece sempre na Quinta e Sexta Feira Santa na BAS\u00cdLICA DE NOSSA SENHORA DAS DORES em JUAZEIRO DO NORTE \u2013 CEAR\u00c1 (Foto: 22-04-2011)<\/p><\/div>\n<div id=\"attachment_15670\" style=\"width: 310px\" class=\"wp-caption aligncenter\"><a href=\"http:\/\/www.r2cpress.com.br\/v1\/wp-content\/uploads\/1211.jpg\"><img aria-describedby=\"caption-attachment-15670\" loading=\"lazy\" src=\"http:\/\/www.r2cpress.com.br\/v1\/wp-content\/uploads\/1211-300x207.jpg\" alt=\"\" title=\"EST\u00c1 CHEGANDO O DIA!\" width=\"300\" height=\"207\" class=\"size-medium wp-image-15670\" srcset=\"https:\/\/www.r2cpress.com.br\/v1\/wp-content\/uploads\/1211-300x207.jpg 300w, https:\/\/www.r2cpress.com.br\/v1\/wp-content\/uploads\/1211.jpg 868w\" sizes=\"(max-width: 300px) 100vw, 300px\" \/><\/a><p id=\"caption-attachment-15670\" class=\"wp-caption-text\">EST\u00c1 CHEGANDO O DIA!<\/p><\/div>\n<div id=\"attachment_15671\" style=\"width: 310px\" class=\"wp-caption aligncenter\"><a href=\"http:\/\/www.r2cpress.com.br\/v1\/wp-content\/uploads\/136.jpg\"><img aria-describedby=\"caption-attachment-15671\" loading=\"lazy\" src=\"http:\/\/www.r2cpress.com.br\/v1\/wp-content\/uploads\/136-300x196.jpg\" alt=\"\" title=\"E NO MAIS... ILH\u00c9US continua sem TIRO DE GUERRA. AT\u00c9 QUANDO MEU BOM DEUS? (Foto: 27-06-2004)\" width=\"300\" height=\"196\" class=\"size-medium wp-image-15671\" srcset=\"https:\/\/www.r2cpress.com.br\/v1\/wp-content\/uploads\/136-300x196.jpg 300w, https:\/\/www.r2cpress.com.br\/v1\/wp-content\/uploads\/136.jpg 914w\" sizes=\"(max-width: 300px) 100vw, 300px\" \/><\/a><p id=\"caption-attachment-15671\" class=\"wp-caption-text\">E NO MAIS... ILH\u00c9US continua sem TIRO DE GUERRA. AT\u00c9 QUANDO MEU BOM DEUS? (Foto: 27-06-2004)<\/p><\/div>\n<p>&#8212;<br \/>\nTexto e fotos: Jos\u00e9 leite de Souza<br \/>\njleitesouza@hotmail.com<\/p>\n","protected":false},"excerpt":{"rendered":"<p>1) OS 80 ANOS DE UM GRANDE INSTRUTOR 2) AS FOTOS DESTAQUES DA SEMANA<\/p>\n","protected":false},"author":2,"featured_media":0,"comment_status":"open","ping_status":"open","sticky":false,"template":"","format":"standard","meta":{"_links_to":"","_links_to_target":""},"categories":[10],"tags":[],"_links":{"self":[{"href":"https:\/\/www.r2cpress.com.br\/v1\/wp-json\/wp\/v2\/posts\/15657"}],"collection":[{"href":"https:\/\/www.r2cpress.com.br\/v1\/wp-json\/wp\/v2\/posts"}],"about":[{"href":"https:\/\/www.r2cpress.com.br\/v1\/wp-json\/wp\/v2\/types\/post"}],"author":[{"embeddable":true,"href":"https:\/\/www.r2cpress.com.br\/v1\/wp-json\/wp\/v2\/users\/2"}],"replies":[{"embeddable":true,"href":"https:\/\/www.r2cpress.com.br\/v1\/wp-json\/wp\/v2\/comments?post=15657"}],"version-history":[{"count":3,"href":"https:\/\/www.r2cpress.com.br\/v1\/wp-json\/wp\/v2\/posts\/15657\/revisions"}],"predecessor-version":[{"id":15673,"href":"https:\/\/www.r2cpress.com.br\/v1\/wp-json\/wp\/v2\/posts\/15657\/revisions\/15673"}],"wp:attachment":[{"href":"https:\/\/www.r2cpress.com.br\/v1\/wp-json\/wp\/v2\/media?parent=15657"}],"wp:term":[{"taxonomy":"category","embeddable":true,"href":"https:\/\/www.r2cpress.com.br\/v1\/wp-json\/wp\/v2\/categories?post=15657"},{"taxonomy":"post_tag","embeddable":true,"href":"https:\/\/www.r2cpress.com.br\/v1\/wp-json\/wp\/v2\/tags?post=15657"}],"curies":[{"name":"wp","href":"https:\/\/api.w.org\/{rel}","templated":true}]}}