{"id":15678,"date":"2011-05-20T17:49:58","date_gmt":"2011-05-20T20:49:58","guid":{"rendered":"http:\/\/www.r2cpress.com.br\/v1\/?p=15678"},"modified":"2011-05-20T17:49:58","modified_gmt":"2011-05-20T20:49:58","slug":"deputados-voltam-a-discutir-problemas-dos-aeroportos","status":"publish","type":"post","link":"https:\/\/www.r2cpress.com.br\/v1\/2011\/05\/20\/deputados-voltam-a-discutir-problemas-dos-aeroportos\/","title":{"rendered":"Deputados voltam a discutir problemas dos aeroportos"},"content":{"rendered":"<p><div id=\"attachment_15679\" style=\"width: 310px\" class=\"wp-caption alignleft\"><a href=\"http:\/\/www.r2cpress.com.br\/v1\/wp-content\/uploads\/Audi\u00eancia-ANAC.jpg\"><img aria-describedby=\"caption-attachment-15679\" loading=\"lazy\" src=\"http:\/\/www.r2cpress.com.br\/v1\/wp-content\/uploads\/Audincia-ANAC-300x161.jpg\" alt=\"\" title=\"GEDSC DIGITAL CAMERA\" width=\"300\" height=\"161\" class=\"size-medium wp-image-15679\" srcset=\"https:\/\/www.r2cpress.com.br\/v1\/wp-content\/uploads\/Audincia-ANAC-300x161.jpg 300w, https:\/\/www.r2cpress.com.br\/v1\/wp-content\/uploads\/Audincia-ANAC.jpg 680w\" sizes=\"(max-width: 300px) 100vw, 300px\" \/><\/a><p id=\"caption-attachment-15679\" class=\"wp-caption-text\">Audincia-ANAC<\/p><\/div>A prec\u00e1ria situa\u00e7\u00e3o dos aeroportos do interior da Bahia continua mobilizando os integrantes a Comiss\u00e3o de Infraestrutura, Desenvolvimento Econ\u00f4mico e Turismo da Assembleia Legislativa. Nesta quinta-feira, 19, integrantes da comiss\u00e3o se reuniram com o presidente interino da Ag\u00eancia Nacional de Avia\u00e7\u00e3o Civil (Anac), Carlos Eduardo Pellegrino, com quem abordaram a quest\u00e3o.<\/p>\n<p>A deputada estadual \u00c2ngela Sousa (PSC), que preside a comiss\u00e3o, voltou a lamentar as restri\u00e7\u00f5es impostas ao aeroporto Jorge Amado, de Ilh\u00e9us, que h\u00e1 mais de dois anos est\u00e1 limitado a opera\u00e7\u00f5es com aeronaves de menor porte e sem possibilidade de utiliza\u00e7\u00e3o de instrumentos para auxiliar os pilotos. Os aparelhos foram lacrados pela Anac, que n\u00e3o suprimiu as restri\u00e7\u00f5es mesmo ap\u00f3s uma s\u00e9rie de medidas de adequa\u00e7\u00e3o tomadas pela administra\u00e7\u00e3o do terminal e tamb\u00e9m pela Prefeitura de Ilh\u00e9us.<\/p>\n<p><!--more--><\/p>\n<p>\u201c\u00c9 uma situa\u00e7\u00e3o que prejudica a atividade econ\u00f4mica da regi\u00e3o cacaueira, comprometendo o turismo, dificultando o funcionamento das empresas do p\u00f3lo de inform\u00e1tica, entre outros transtornos\u201d, comentou a parlamentar.<\/p>\n<p>Tamb\u00e9m participaram da audi\u00eancia os deputados Rosemberg Pinto (PT) e Cl\u00e1udia Oliveira (PTdoB), que igualmente integram a Comiss\u00e3o de Infraestrutura. Cl\u00e1udia vem reivindicando a amplia\u00e7\u00e3o do aeroporto de Porto Seguro, que \u00e9 o quarto de maior movimenta\u00e7\u00e3o no Norte\/Nordeste. Nesse caso, como se trata de um aeroporto administrado pela iniciativa privada, por concess\u00e3o estadual, o assunto ser\u00e1 objeto de novas discuss\u00f5es envolvendo a Agerba e o governo baiano.<\/p>\n","protected":false},"excerpt":{"rendered":"<p>A prec\u00e1ria situa\u00e7\u00e3o dos aeroportos do interior da Bahia continua mobilizando os integrantes a Comiss\u00e3o de Infraestrutura, Desenvolvimento Econ\u00f4mico e Turismo da Assembleia Legislativa. Nesta quinta-feira, 19, integrantes da comiss\u00e3o se reuniram com o presidente interino da Ag\u00eancia Nacional de Avia\u00e7\u00e3o Civil (Anac), Carlos Eduardo Pellegrino, com quem abordaram a quest\u00e3o. A deputada estadual \u00c2ngela [&hellip;]<\/p>\n","protected":false},"author":2,"featured_media":0,"comment_status":"open","ping_status":"open","sticky":false,"template":"","format":"standard","meta":{"_links_to":"","_links_to_target":""},"categories":[22],"tags":[],"_links":{"self":[{"href":"https:\/\/www.r2cpress.com.br\/v1\/wp-json\/wp\/v2\/posts\/15678"}],"collection":[{"href":"https:\/\/www.r2cpress.com.br\/v1\/wp-json\/wp\/v2\/posts"}],"about":[{"href":"https:\/\/www.r2cpress.com.br\/v1\/wp-json\/wp\/v2\/types\/post"}],"author":[{"embeddable":true,"href":"https:\/\/www.r2cpress.com.br\/v1\/wp-json\/wp\/v2\/users\/2"}],"replies":[{"embeddable":true,"href":"https:\/\/www.r2cpress.com.br\/v1\/wp-json\/wp\/v2\/comments?post=15678"}],"version-history":[{"count":2,"href":"https:\/\/www.r2cpress.com.br\/v1\/wp-json\/wp\/v2\/posts\/15678\/revisions"}],"predecessor-version":[{"id":15681,"href":"https:\/\/www.r2cpress.com.br\/v1\/wp-json\/wp\/v2\/posts\/15678\/revisions\/15681"}],"wp:attachment":[{"href":"https:\/\/www.r2cpress.com.br\/v1\/wp-json\/wp\/v2\/media?parent=15678"}],"wp:term":[{"taxonomy":"category","embeddable":true,"href":"https:\/\/www.r2cpress.com.br\/v1\/wp-json\/wp\/v2\/categories?post=15678"},{"taxonomy":"post_tag","embeddable":true,"href":"https:\/\/www.r2cpress.com.br\/v1\/wp-json\/wp\/v2\/tags?post=15678"}],"curies":[{"name":"wp","href":"https:\/\/api.w.org\/{rel}","templated":true}]}}