{"id":15682,"date":"2011-05-20T18:04:21","date_gmt":"2011-05-20T21:04:21","guid":{"rendered":"http:\/\/www.r2cpress.com.br\/v1\/?p=15682"},"modified":"2011-05-20T18:04:21","modified_gmt":"2011-05-20T21:04:21","slug":"o-hotel-espana-de-lima-peru","status":"publish","type":"post","link":"https:\/\/www.r2cpress.com.br\/v1\/2011\/05\/20\/o-hotel-espana-de-lima-peru\/","title":{"rendered":"O Hotel Espa\u00f1a, de Lima, Per\u00fa"},"content":{"rendered":"<p><strong> <\/strong><strong><\/strong><strong>Por Guilherme Albagli de Almeida<\/strong><\/p>\n<p>&nbsp;<\/p>\n<p>Manuel Ch\u00e1vez, aos doze anos, j\u00e1 mostrava um grande talento para a pintura. Aos dezessete mudou-se de Ayacucho a Lima, para cursar Belas Artes, vivendo no casar\u00e3o colonial dos seus av\u00f3s, junto \u00e0 Plaza de Armas desta capital.<\/p>\n<p>Logo, com uma bolsa de estudos, os seus mestres o mandaram a Madrid e Paris, onde pintou e vendeu muitas telas com cenas urbanas em dias de chuva. Com a Se\u00f1ora Rachel, a sua esposa espanhola, retornou ao Per\u00fa, comprando o antigo im\u00f3vel familiar e ali instalando o <em>Hotel Espa\u00f1a, <\/em>com a sua preciosa cole\u00e7\u00e3o de telas cusquenhas e cer\u00e2micas pr\u00e9-colombianas.<\/p>\n<p><a href=\"http:\/\/www.r2cpress.com.br\/v1\/wp-content\/uploads\/0016.jpg\"><img loading=\"lazy\" class=\"size-medium wp-image-15683 aligncenter\" title=\"001\" src=\"http:\/\/www.r2cpress.com.br\/v1\/wp-content\/uploads\/0016-300x187.jpg\" alt=\"\" width=\"300\" height=\"187\" srcset=\"https:\/\/www.r2cpress.com.br\/v1\/wp-content\/uploads\/0016-300x187.jpg 300w, https:\/\/www.r2cpress.com.br\/v1\/wp-content\/uploads\/0016.jpg 461w\" sizes=\"(max-width: 300px) 100vw, 300px\" \/><\/a><!--more--><\/p>\n<p>O imponente pr\u00e9dio foi constru\u00eddo no s\u00e9culo XVI, numa via pr\u00e9-existente \u00e0 chegada de Pizarro \u00e0 \u00e1rea. Ganhou, a cada s\u00e9culo seguinte, um novo pavimento, j\u00e1 tendo abrigado, em diferentes momentos, um mosteiro e um bordel. No terra\u00e7o panor\u00e2mico se harmonizam plantas, pombos, periquitos, arara, papagaio, pav\u00f5es, gatos, c\u00e1gados e a \u201c<em>Duquesa<\/em>\u201d- a vira-lata fleugm\u00e1tica que acredita ser a dona ou a gerente do hotel -.<\/p>\n<p><a href=\"http:\/\/www.r2cpress.com.br\/v1\/wp-content\/uploads\/0022.jpg\"><img loading=\"lazy\" class=\"aligncenter size-medium wp-image-15684\" title=\"002\" src=\"http:\/\/www.r2cpress.com.br\/v1\/wp-content\/uploads\/0022-300x188.jpg\" alt=\"\" width=\"300\" height=\"188\" srcset=\"https:\/\/www.r2cpress.com.br\/v1\/wp-content\/uploads\/0022-300x188.jpg 300w, https:\/\/www.r2cpress.com.br\/v1\/wp-content\/uploads\/0022.jpg 462w\" sizes=\"(max-width: 300px) 100vw, 300px\" \/><\/a><\/p>\n<p>Embora alta a qualidade da higiene e seguran\u00e7a local, o apartamento com WC, ventilador, TV e \u00e1gua quente custa menos de R$ 28 ao dia. Dormit\u00f3rios com WC coletivos, apenas R$ 13. Uma corrida de taxi dali a <em>Miraflores<\/em>, para ver o p\u00f4r-do-sol do sofisticado <em>Centro Comercial Larco-Mar<\/em>, lhe custar\u00e1 R$ 8.<\/p>\n<p><a href=\"http:\/\/www.r2cpress.com.br\/v1\/wp-content\/uploads\/0032.jpg\"><img loading=\"lazy\" class=\"aligncenter size-medium wp-image-15685\" title=\"003\" src=\"http:\/\/www.r2cpress.com.br\/v1\/wp-content\/uploads\/0032-300x187.jpg\" alt=\"\" width=\"300\" height=\"187\" srcset=\"https:\/\/www.r2cpress.com.br\/v1\/wp-content\/uploads\/0032-300x187.jpg 300w, https:\/\/www.r2cpress.com.br\/v1\/wp-content\/uploads\/0032.jpg 461w\" sizes=\"(max-width: 300px) 100vw, 300px\" \/><\/a><\/p>\n<p>A poucos metros do hotel ficam o <em>Mercado de Artesanato S\u00e3o Francisco<\/em>; o <em>Parque das Muralhas,<\/em> do S\u00e9culo XVI; o <em>Pal\u00e1cio do Governo<\/em>;\u00a0 a <em>Biblioteca Nacional<\/em>; <em>Museu do Ouro<\/em>, no subsolo do <em>Banco Central de Reserva do Per\u00fa<\/em> e a <em>Calle Cap\u00f3n<\/em>, junto ao <em>Mercado Central<\/em>, com<em> <\/em> restaurantes, lojas e armaz\u00e9ns atendendo \u00e0 popula\u00e7\u00e3o chinesa ali presente h\u00e1 160 anos. Na mesma cal\u00e7ada do <em>Espa\u00f1a<\/em> est\u00e1 o <em>Centro Cultural Universidad Nacional Mayor de San Marco,<\/em> com permanente e significativa programa\u00e7\u00e3o enfocando a cultura local.<\/p>\n<p><a href=\"http:\/\/www.r2cpress.com.br\/v1\/wp-content\/uploads\/0043.jpg\"><img loading=\"lazy\" class=\"aligncenter size-medium wp-image-15686\" title=\"004\" src=\"http:\/\/www.r2cpress.com.br\/v1\/wp-content\/uploads\/0043-300x187.jpg\" alt=\"\" width=\"300\" height=\"187\" srcset=\"https:\/\/www.r2cpress.com.br\/v1\/wp-content\/uploads\/0043-300x187.jpg 300w, https:\/\/www.r2cpress.com.br\/v1\/wp-content\/uploads\/0043.jpg 461w\" sizes=\"(max-width: 300px) 100vw, 300px\" \/><\/a><\/p>\n<p>No \u00f4nibus urbano se chega a <em>Pachac\u00e1mac, Paracas, Punta Hermosa, Chincha, <\/em>ao <em>Museu Larco<\/em>, com 50 000 cer\u00e2micas pr\u00e9-colombianas e ao o <em>Museu Nacional de Hist\u00f3ria e Arqueologia<\/em>, funcionando no casar\u00e3o que Simon Bol\u00edvar viveu no distrito de <em>Pueblo Libre<\/em>.<\/p>\n<p><a href=\"http:\/\/www.r2cpress.com.br\/v1\/wp-content\/uploads\/0051.jpg\"><img loading=\"lazy\" class=\"aligncenter size-medium wp-image-15687\" title=\"005\" src=\"http:\/\/www.r2cpress.com.br\/v1\/wp-content\/uploads\/0051-300x188.jpg\" alt=\"\" width=\"300\" height=\"188\" srcset=\"https:\/\/www.r2cpress.com.br\/v1\/wp-content\/uploads\/0051-300x188.jpg 300w, https:\/\/www.r2cpress.com.br\/v1\/wp-content\/uploads\/0051.jpg 461w\" sizes=\"(max-width: 300px) 100vw, 300px\" \/><\/a><\/p>\n<p>A comida local \u00e9 farta, variada e barata, centrada no peixe, marisco, frango, cordeiro, boi, pre\u00e1, milho, batata, ab\u00f3bora, arroz, feij\u00e3o, lim\u00e3o e pimenta, \u00a0\u00a0muita pimenta, de v\u00e1rios tipos. Bons restaurantes?<em> A \u201cFonda Franciscana\u201d, o<\/em> <em>\u201cMacchu Picchu<\/em>\u201d ou o <em>\u201cMurallas<\/em>\u201d a poucos metros do hotel; a Chifa \u201c<em>Food Town<\/em>\u201d, no Jir\u00f3n Uni\u00f3n, N.850; ao lado da <em>Igreja do Parque Kennedy<\/em>, em Miraflores, fica um bom restaurante de petiscos \u00e1rabes que toca, num aceno de paz, a nova m\u00fasica israelense.<\/p>\n<p>Todos dali, com carinho e admira\u00e7\u00e3o, repetem ser o Brasil \u201c<em>El m\u00e1s grande y m\u00e1s rico pa\u00eds del mundo<\/em>\u201d. Vale mesmo uma visita.<\/p>\n<p>A TAM, na baixa esta\u00e7\u00e3o, cobra R$ 1200 pela passagem Ilh\u00e9us-Lima-Ilh\u00e9us.<\/p>\n<p>&#8212;<\/p>\n<p>Luan_iosbrasil.net@hotmail.com<\/p>\n","protected":false},"excerpt":{"rendered":"<p>Por Guilherme Albagli de Almeida &nbsp; Manuel Ch\u00e1vez, aos doze anos, j\u00e1 mostrava um grande talento para a pintura. Aos dezessete mudou-se de Ayacucho a Lima, para cursar Belas Artes, vivendo no casar\u00e3o colonial dos seus av\u00f3s, junto \u00e0 Plaza de Armas desta capital. Logo, com uma bolsa de estudos, os seus mestres o mandaram [&hellip;]<\/p>\n","protected":false},"author":2,"featured_media":0,"comment_status":"open","ping_status":"open","sticky":false,"template":"","format":"standard","meta":{"_links_to":"","_links_to_target":""},"categories":[10],"tags":[],"_links":{"self":[{"href":"https:\/\/www.r2cpress.com.br\/v1\/wp-json\/wp\/v2\/posts\/15682"}],"collection":[{"href":"https:\/\/www.r2cpress.com.br\/v1\/wp-json\/wp\/v2\/posts"}],"about":[{"href":"https:\/\/www.r2cpress.com.br\/v1\/wp-json\/wp\/v2\/types\/post"}],"author":[{"embeddable":true,"href":"https:\/\/www.r2cpress.com.br\/v1\/wp-json\/wp\/v2\/users\/2"}],"replies":[{"embeddable":true,"href":"https:\/\/www.r2cpress.com.br\/v1\/wp-json\/wp\/v2\/comments?post=15682"}],"version-history":[{"count":3,"href":"https:\/\/www.r2cpress.com.br\/v1\/wp-json\/wp\/v2\/posts\/15682\/revisions"}],"predecessor-version":[{"id":15690,"href":"https:\/\/www.r2cpress.com.br\/v1\/wp-json\/wp\/v2\/posts\/15682\/revisions\/15690"}],"wp:attachment":[{"href":"https:\/\/www.r2cpress.com.br\/v1\/wp-json\/wp\/v2\/media?parent=15682"}],"wp:term":[{"taxonomy":"category","embeddable":true,"href":"https:\/\/www.r2cpress.com.br\/v1\/wp-json\/wp\/v2\/categories?post=15682"},{"taxonomy":"post_tag","embeddable":true,"href":"https:\/\/www.r2cpress.com.br\/v1\/wp-json\/wp\/v2\/tags?post=15682"}],"curies":[{"name":"wp","href":"https:\/\/api.w.org\/{rel}","templated":true}]}}