{"id":15704,"date":"2011-05-21T09:50:40","date_gmt":"2011-05-21T12:50:40","guid":{"rendered":"http:\/\/www.r2cpress.com.br\/v1\/?p=15704"},"modified":"2011-05-21T09:50:40","modified_gmt":"2011-05-21T12:50:40","slug":"inscricoes-para-concurso-da-policia-militar-terminam-neste-domingo","status":"publish","type":"post","link":"https:\/\/www.r2cpress.com.br\/v1\/2011\/05\/21\/inscricoes-para-concurso-da-policia-militar-terminam-neste-domingo\/","title":{"rendered":"Inscri\u00e7\u00f5es para concurso da Pol\u00edcia Militar terminam neste domingo"},"content":{"rendered":"<h3>S\u00e3o oferecidas 120 vagas, 108 para o sexo masculino e 12 para o feminino<\/h3>\n<p>Terminam neste domingo  (22) as inscri\u00e7\u00f5es para a Academia de Pol\u00edcia Militar. S\u00e3o oferecidas  120 vagas, 108 para o sexo masculino e 12 para o feminino, relativas ao  Curso de Forma\u00e7\u00e3o de Oficiais da Pol\u00edcia Militar (CFOPM\/2011). A taxa de  inscri\u00e7\u00e3o \u00e9 de R$ 95.<\/p>\n<p>O certame \u00e9 composto por duas etapas. A primeira \u00e9 o  exame de conhecimentos, composto de prova objetiva de L\u00edngua  Portuguesa, L\u00edngua Inglesa, Ci\u00eancias Humanas, Matem\u00e1tica\/Racioc\u00ednio  L\u00f3gico, No\u00e7\u00f5es de Direito e Reda\u00e7\u00e3o. A prova de conhecimentos ser\u00e1  aplicada no dia 3 de julho.<\/p>\n<p>J\u00e1 a segunda engloba a avalia\u00e7\u00e3o psicol\u00f3gica, exame m\u00e9dico-odontol\u00f3gico, teste de aptid\u00e3o f\u00edsica e investiga\u00e7\u00e3o social.<\/p>\n<p>O formul\u00e1rio de inscri\u00e7\u00e3o e o edital poder\u00e3o ser  acessados pelos interessados, civis e militares, exclusivamente pela  internet, nos sites <a href=\"http:\/\/www.concursopm.uneb.br\/\" target=\"_blank\">www.concursopm.uneb.br<\/a> ou <a href=\"http:\/\/www.consultec.com.br\/\" target=\"_blank\">www.consultec.com.br<\/a>.<\/p>\n<p>Mais informa\u00e7\u00f5es pelo telefone (71) 3117-2371 &#8211; Copeve\/Campus I.<\/p>\n<p>&nbsp;<\/p>\n<p><strong>Reda\u00e7\u00e3o CORREIO DA BAHIA<br \/>\n<\/strong><\/p>\n","protected":false},"excerpt":{"rendered":"<p>S\u00e3o oferecidas 120 vagas, 108 para o sexo masculino e 12 para o feminino Terminam neste domingo (22) as inscri\u00e7\u00f5es para a Academia de Pol\u00edcia Militar. S\u00e3o oferecidas 120 vagas, 108 para o sexo masculino e 12 para o feminino, relativas ao Curso de Forma\u00e7\u00e3o de Oficiais da Pol\u00edcia Militar (CFOPM\/2011). A taxa de inscri\u00e7\u00e3o [&hellip;]<\/p>\n","protected":false},"author":2,"featured_media":0,"comment_status":"open","ping_status":"open","sticky":false,"template":"","format":"standard","meta":{"_links_to":"","_links_to_target":""},"categories":[25],"tags":[],"_links":{"self":[{"href":"https:\/\/www.r2cpress.com.br\/v1\/wp-json\/wp\/v2\/posts\/15704"}],"collection":[{"href":"https:\/\/www.r2cpress.com.br\/v1\/wp-json\/wp\/v2\/posts"}],"about":[{"href":"https:\/\/www.r2cpress.com.br\/v1\/wp-json\/wp\/v2\/types\/post"}],"author":[{"embeddable":true,"href":"https:\/\/www.r2cpress.com.br\/v1\/wp-json\/wp\/v2\/users\/2"}],"replies":[{"embeddable":true,"href":"https:\/\/www.r2cpress.com.br\/v1\/wp-json\/wp\/v2\/comments?post=15704"}],"version-history":[{"count":2,"href":"https:\/\/www.r2cpress.com.br\/v1\/wp-json\/wp\/v2\/posts\/15704\/revisions"}],"predecessor-version":[{"id":15706,"href":"https:\/\/www.r2cpress.com.br\/v1\/wp-json\/wp\/v2\/posts\/15704\/revisions\/15706"}],"wp:attachment":[{"href":"https:\/\/www.r2cpress.com.br\/v1\/wp-json\/wp\/v2\/media?parent=15704"}],"wp:term":[{"taxonomy":"category","embeddable":true,"href":"https:\/\/www.r2cpress.com.br\/v1\/wp-json\/wp\/v2\/categories?post=15704"},{"taxonomy":"post_tag","embeddable":true,"href":"https:\/\/www.r2cpress.com.br\/v1\/wp-json\/wp\/v2\/tags?post=15704"}],"curies":[{"name":"wp","href":"https:\/\/api.w.org\/{rel}","templated":true}]}}