{"id":15707,"date":"2011-05-21T10:06:46","date_gmt":"2011-05-21T13:06:46","guid":{"rendered":"http:\/\/www.r2cpress.com.br\/v1\/?p=15707"},"modified":"2011-05-21T10:09:08","modified_gmt":"2011-05-21T13:09:08","slug":"eu-sou-o-caminho-a-verdade-e-a-vida","status":"publish","type":"post","link":"https:\/\/www.r2cpress.com.br\/v1\/2011\/05\/21\/eu-sou-o-caminho-a-verdade-e-a-vida\/","title":{"rendered":"EU SOU O CAMINHO, A VERDADE E A VIDA."},"content":{"rendered":"<p style=\"text-align: center;\"><strong><em>NINGU\u00c9M VAI AO PAI SEN\u00c3O POR MIM (JO 14,6).<\/em><\/strong><\/p>\n<p style=\"text-align: center;\">&nbsp;<\/p>\n<div style=\"width: 246px\" class=\"wp-caption alignleft\"><img loading=\"lazy\" title=\"Dom Mauro Montagnoli \/ Bispo diocesano de Ilh\u00e9us\" src=\"http:\/\/www.r2cpress.com.br\/v1\/wp-content\/uploads\/dom-Mauro_2261.jpg\" alt=\"Dom Mauro Montagnoli \/ Bispo diocesano de Ilh\u00e9us\" width=\"236\" height=\"255\" \/><p class=\"wp-caption-text\">Dom Mauro Montagnoli \/ Bispo diocesano de Ilh\u00e9us<\/p><\/div>\n<p>Jesus Ressuscitado \u00e9 o Caminho, a Verdade e a Vida. Ele nos conforta em nossa caminhada com sua presen\u00e7a alentadora. Ele nos mostra o Pai atrav\u00e9s de suas palavras, seus gestos.<\/p>\n<p>A partida de Jesus para a casa do Pai atrav\u00e9s da morte e ressurrei\u00e7\u00e3o, deixou o cora\u00e7\u00e3o dos disc\u00edpulos perturbado. Tom\u00e9 e Filipe representam a comunidade na busca de liberta\u00e7\u00e3o do medo que impede a a\u00e7\u00e3o mission\u00e1ria. O Senhor ressuscitado consola os disc\u00edpulos com a sua presen\u00e7a, revelada especialmente na ora\u00e7\u00e3o, no dom do Esp\u00edrito, na escuta amorosa da palavra, no dom da paz.<\/p>\n<p>Os disc\u00edpulos ainda n\u00e3o tinham compreendido que Jesus, mediante sua vida e miss\u00e3o, indicou o caminho a seguir para chegar ao Pai. Tom\u00e9 expressa o desejo de conhecer o caminho. No encontro com Tom\u00e9, Jesus faz a grande revela\u00e7\u00e3o: <em>\u201cEu sou o Caminho, a Verdade e a Vida. Ningu\u00e9m vai ao Pai sen\u00e3o por mim\u201d <\/em>(Jo 14,6). Jesus \u00e9 caminho por ser a verdade, express\u00e3o de sua fidelidade ao des\u00edgnio salv\u00edfico; por ser a vida que consiste na comunh\u00e3o perfeita de amor com o Pai.<\/p>\n<p><!--more--><\/p>\n<p>A pergunta de Filipe mostra que os disc\u00edpulos ainda n\u00e3o se deram conta de que Jesus como o caminho, a verdade e a vida \u00e9 o lugar onde Deus mesmo se torna acess\u00edvel. <em>\u201cH\u00e1 tanto tempo estou convosco, e n\u00e3o me conheces? Quem me viu, tem visto o Pai\u201d (J<\/em>o 14,9). O disc\u00edpulo \u00e9 chamado a contemplar no Filho a presen\u00e7a amorosa do Pai. Jesus \u00e9 o caminho que possibilita fazer a aut\u00eantica experi\u00eancia de amor e comunh\u00e3o com o Pai.<\/p>\n<p>Por meio do caminho de seguimento a Jesus, os disc\u00edpulos experimentam a verdade que \u00e9 vida em plenitude, n\u00e3o uma doutrina. A vida de Jesus, suas palavras e obras revelam o Pai.<\/p>\n<p>A obra de Jesus continua atrav\u00e9s do testemunho de f\u00e9 dos disc\u00edpulos. <em>\u201cQuem acredita em mim far\u00e1 as obras que eu fa\u00e7o, e far\u00e1 ainda maiores do que estas\u201d<\/em> (Jo 14,12). Pela ades\u00e3o a Jesus, o comprometimento com sua obra mediante o amor fiel aos irm\u00e3os, os disc\u00edpulos trilham o caminho para o Pai.<\/p>\n<p>Os crist\u00e3os s\u00e3o impelidosa viver em Cristo, <em>\u201cpedra viva, rejeitada pelos homens, mas escolhida e valiosa aos olhos de Deus\u201d <\/em>(1Pd 2,4-9). Pela sua vida, morte e ressurrei\u00e7\u00e3o, Jesus tornou-se a pedra viva sobre a qual se constr\u00f3i o novo edif\u00edcio espiritual, que acolhe a nova e definitiva presen\u00e7a de Deus. Pelo batismo, os crist\u00e3os tornam-se pedras vivas, comunidade de f\u00e9, povo renovado pela gra\u00e7a de Deus.<\/p>\n<p><em> \u201cV\u00f3s sois ra\u00e7a escolhida, sacerd\u00f3cio do Reino, na\u00e7\u00e3o santa e povo conquistado, para proclamar as obras admir\u00e1veis daquele que vos chamou das trevas \u00e0 sua luz maravilhosa\u201d <\/em>(v. 9). Na experi\u00eancia pascal, a comunidade, formada principalmente de gente simples, humilde, escrava, encontra dignidade e for\u00e7a para o testemunho eloquente da f\u00e9.<\/p>\n<p>O Senhor nos convida a renovar nossa ades\u00e3o a ele e nosso desejo de comunh\u00e3o e solidariedade de uns para com os outros.<\/p>\n<p>O Salmo 32(33) convida a dar gra\u00e7as a Deus pela sua bondade e fidelidade, que se revela na cria\u00e7\u00e3o do universo e na caminhada de liberta\u00e7\u00e3o do povo. Os fi\u00e9is esperam na miseric\u00f3rdia do Senhor, pois ele ama o direito e a justi\u00e7a. Jesus Cristo, a Palavra criadora e terna do Pai, levou \u00e0 plenitude o projeto universal de salva\u00e7\u00e3o para a humanidade. Povo conquistado por Deus, cantemos ao Senhor um canto novo, porque ele faz maravilhas no seu Filho Jesus.<\/p>\n<p>&nbsp;<\/p>\n<p>&#8212;<\/p>\n<p><em>Dom Mauro Montagnoli<\/em><\/p>\n<p><em>Bispo de Ilh\u00e9us<\/em><\/p>\n","protected":false},"excerpt":{"rendered":"<p>NINGU\u00c9M VAI AO PAI SEN\u00c3O POR MIM (JO 14,6). &nbsp; Jesus Ressuscitado \u00e9 o Caminho, a Verdade e a Vida. Ele nos conforta em nossa caminhada com sua presen\u00e7a alentadora. Ele nos mostra o Pai atrav\u00e9s de suas palavras, seus gestos. A partida de Jesus para a casa do Pai atrav\u00e9s da morte e ressurrei\u00e7\u00e3o, [&hellip;]<\/p>\n","protected":false},"author":2,"featured_media":0,"comment_status":"open","ping_status":"open","sticky":false,"template":"","format":"standard","meta":{"_links_to":"","_links_to_target":""},"categories":[17],"tags":[],"_links":{"self":[{"href":"https:\/\/www.r2cpress.com.br\/v1\/wp-json\/wp\/v2\/posts\/15707"}],"collection":[{"href":"https:\/\/www.r2cpress.com.br\/v1\/wp-json\/wp\/v2\/posts"}],"about":[{"href":"https:\/\/www.r2cpress.com.br\/v1\/wp-json\/wp\/v2\/types\/post"}],"author":[{"embeddable":true,"href":"https:\/\/www.r2cpress.com.br\/v1\/wp-json\/wp\/v2\/users\/2"}],"replies":[{"embeddable":true,"href":"https:\/\/www.r2cpress.com.br\/v1\/wp-json\/wp\/v2\/comments?post=15707"}],"version-history":[{"count":5,"href":"https:\/\/www.r2cpress.com.br\/v1\/wp-json\/wp\/v2\/posts\/15707\/revisions"}],"predecessor-version":[{"id":15711,"href":"https:\/\/www.r2cpress.com.br\/v1\/wp-json\/wp\/v2\/posts\/15707\/revisions\/15711"}],"wp:attachment":[{"href":"https:\/\/www.r2cpress.com.br\/v1\/wp-json\/wp\/v2\/media?parent=15707"}],"wp:term":[{"taxonomy":"category","embeddable":true,"href":"https:\/\/www.r2cpress.com.br\/v1\/wp-json\/wp\/v2\/categories?post=15707"},{"taxonomy":"post_tag","embeddable":true,"href":"https:\/\/www.r2cpress.com.br\/v1\/wp-json\/wp\/v2\/tags?post=15707"}],"curies":[{"name":"wp","href":"https:\/\/api.w.org\/{rel}","templated":true}]}}