{"id":15717,"date":"2011-05-21T12:54:55","date_gmt":"2011-05-21T15:54:55","guid":{"rendered":"http:\/\/www.r2cpress.com.br\/v1\/?p=15717"},"modified":"2011-05-21T12:56:28","modified_gmt":"2011-05-21T15:56:28","slug":"escritores-baianos-em-destaque-na-biblioteca-de-itaparica","status":"publish","type":"post","link":"https:\/\/www.r2cpress.com.br\/v1\/2011\/05\/21\/escritores-baianos-em-destaque-na-biblioteca-de-itaparica\/","title":{"rendered":"Escritores baianos em destaque na Biblioteca de Itaparica"},"content":{"rendered":"<p><em>Obras de Valdeck Almeida de Jesus e Sandra Stabile Queiroz, em exposi\u00e7\u00e3o at\u00e9 o final do m\u00eas. <\/em><\/p>\n<p>&nbsp;<\/p>\n<p><a href=\"http:\/\/www.r2cpress.com.br\/v1\/wp-content\/uploads\/Sandra_Stabile_Valdeck_Almeida_de_Jesus.jpg\"><img loading=\"lazy\" class=\"alignright size-medium wp-image-15718\" title=\"Sandra_Stabile_Valdeck_Almeida_de_Jesus\" src=\"http:\/\/www.r2cpress.com.br\/v1\/wp-content\/uploads\/Sandra_Stabile_Valdeck_Almeida_de_Jesus-259x300.jpg\" alt=\"\" width=\"259\" height=\"300\" srcset=\"https:\/\/www.r2cpress.com.br\/v1\/wp-content\/uploads\/Sandra_Stabile_Valdeck_Almeida_de_Jesus-259x300.jpg 259w, https:\/\/www.r2cpress.com.br\/v1\/wp-content\/uploads\/Sandra_Stabile_Valdeck_Almeida_de_Jesus.jpg 298w\" sizes=\"(max-width: 259px) 100vw, 259px\" \/><\/a>Durante o m\u00eas de maio os usu\u00e1rios da Biblioteca Juracy Magalh\u00e3es J\u00fanior, em Itaparica, poder\u00e3o visitar a exposi\u00e7\u00e3o bibliogr\u00e1fica, \u201c<strong>Autores Baianos<\/strong>\u201d, com <strong><em>Valdeck Almeida de Jesus e Sandra Stabile Queiroz<\/em><\/strong>, dois escritores que desenvolvem um trabalho de publica\u00e7\u00e3o de novos autores, atrav\u00e9s das antologias liter\u00e1rias que organizam. Na mostra, que fica aberta ao p\u00fablico at\u00e9 o dia 31, poder\u00e3o ser vistos: as biografias, livros, fotografias e mat\u00e9rias publicadas em jornais sobre os artistas em destaque.<\/p>\n<p>Valdeck Almeida descreve essa iniciativa da Juracy Magalh\u00e3es, como um portal que se abre em prol do escritor e os leitores.\u00a0 \u201cNa medida em que o p\u00fablico tem esse contato com as obras do escritor de forma mais direta, acontece uma aproxima\u00e7\u00e3o, e da\u00ed em diante, essa rela\u00e7\u00e3o vai se transformar no interesse pela leitura dos livros\u201d, ressalta Valdeck, que leva para a biblioteca 10 t\u00edtulos, entre eles: <em>30 Anos de Poesia<\/em> (livro solo), <em>Carta ao Presidente<\/em>; <em>Contos, Cr\u00f4nicas e Artigos<\/em>, colet\u00e2neas que foi convidado a participar.<\/p>\n<p><strong>Escritores<\/strong><\/p>\n<p><strong><!--more--><br \/>\n<\/strong><\/p>\n<p><strong>Valdeck Almeida de Jesus<\/strong> \u00e9 jornalista, editor de livros e palestrante. Membro correspondente da Academia de Letras de Jequi\u00e9 e efetivo da Uni\u00e3o Brasileira de Escritores &#8211; UBE. Foi nomeado Embaixador Universal da Paz, pelo C\u00edrculo dos Embaixadores da Paz da Su\u00ed\u00e7a e Fran\u00e7a. A entidade \u00e9 ligada \u00e0 Organiza\u00e7\u00e3o das Na\u00e7\u00f5es Unidas (ONU), em janeiro de 2010. Publicou os livros <em>Memorial do Inferno: a saga da<\/em> <em>fam\u00edlia Almeida no Jardim do \u00c9den, Feiti\u00e7o contra o feiticeiro, Valdeck \u00e9<\/em> <em>Prosa e Vanise \u00e9 Poesia, 30 Anos de Poesia<\/em>, dentre outros. Participa de mais de 60 antologias. Organiza e patrocina o Pr\u00eamio Liter\u00e1rio Valdeck Almeida de Jesus de Poesia, desde 2005, o qual j\u00e1 lan\u00e7ou mais de 500 poetas.<\/p>\n<p>&nbsp;<\/p>\n<p><strong>Sandra Luzia Stabile de Queiroz <\/strong>&#8211; Nasceu em Salvador-Ba \u00e9 administradora, escritora e poeta. Escreve h\u00e1 muito tempo, mas s\u00f3 veio publicar seus textos aos 47 anos. Mentora do Projeto de Antologia Alma Brasileira. Membro dos Poetas Del Mundo, da Academia Brasileira Virtual de Letras (AVBL) e do Recanto das Letras. Participou das Antologias: <em>Alma Brasileira Poesias e Cr\u00f4nicas<\/em>, <em>Cora\u00e7\u00e3o de Poeta I E II<\/em>, Antologia Poetas Virtuais Poesias, Poetas Virtuais Contos. Antologia Alimento da Alma I E II, Poemas a Flor da pele e do Concurso de Poesias Latinidade Po\u00e9tica.<\/p>\n<p><strong> <\/strong><\/p>\n<p><strong> <\/strong><\/p>\n<p>&nbsp;<\/p>\n<p><strong>Assessoria de Comunica\u00e7\u00e3o<\/strong><\/p>\n<p><strong>Funda\u00e7\u00e3o Pedro Calmon \u2013 SecultBA<\/strong><\/p>\n","protected":false},"excerpt":{"rendered":"<p>Obras de Valdeck Almeida de Jesus e Sandra Stabile Queiroz, em exposi\u00e7\u00e3o at\u00e9 o final do m\u00eas. &nbsp; Durante o m\u00eas de maio os usu\u00e1rios da Biblioteca Juracy Magalh\u00e3es J\u00fanior, em Itaparica, poder\u00e3o visitar a exposi\u00e7\u00e3o bibliogr\u00e1fica, \u201cAutores Baianos\u201d, com Valdeck Almeida de Jesus e Sandra Stabile Queiroz, dois escritores que desenvolvem um trabalho de [&hellip;]<\/p>\n","protected":false},"author":2,"featured_media":0,"comment_status":"open","ping_status":"open","sticky":false,"template":"","format":"standard","meta":{"_links_to":"","_links_to_target":""},"categories":[5],"tags":[],"_links":{"self":[{"href":"https:\/\/www.r2cpress.com.br\/v1\/wp-json\/wp\/v2\/posts\/15717"}],"collection":[{"href":"https:\/\/www.r2cpress.com.br\/v1\/wp-json\/wp\/v2\/posts"}],"about":[{"href":"https:\/\/www.r2cpress.com.br\/v1\/wp-json\/wp\/v2\/types\/post"}],"author":[{"embeddable":true,"href":"https:\/\/www.r2cpress.com.br\/v1\/wp-json\/wp\/v2\/users\/2"}],"replies":[{"embeddable":true,"href":"https:\/\/www.r2cpress.com.br\/v1\/wp-json\/wp\/v2\/comments?post=15717"}],"version-history":[{"count":4,"href":"https:\/\/www.r2cpress.com.br\/v1\/wp-json\/wp\/v2\/posts\/15717\/revisions"}],"predecessor-version":[{"id":15721,"href":"https:\/\/www.r2cpress.com.br\/v1\/wp-json\/wp\/v2\/posts\/15717\/revisions\/15721"}],"wp:attachment":[{"href":"https:\/\/www.r2cpress.com.br\/v1\/wp-json\/wp\/v2\/media?parent=15717"}],"wp:term":[{"taxonomy":"category","embeddable":true,"href":"https:\/\/www.r2cpress.com.br\/v1\/wp-json\/wp\/v2\/categories?post=15717"},{"taxonomy":"post_tag","embeddable":true,"href":"https:\/\/www.r2cpress.com.br\/v1\/wp-json\/wp\/v2\/tags?post=15717"}],"curies":[{"name":"wp","href":"https:\/\/api.w.org\/{rel}","templated":true}]}}