{"id":15773,"date":"2011-05-21T20:39:34","date_gmt":"2011-05-21T23:39:34","guid":{"rendered":"http:\/\/www.r2cpress.com.br\/v1\/?p=15773"},"modified":"2011-05-21T20:39:34","modified_gmt":"2011-05-21T23:39:34","slug":"empresa-brasil-de-comunicacao-r2cpress-agencia-de-noticias-34","status":"publish","type":"post","link":"https:\/\/www.r2cpress.com.br\/v1\/2011\/05\/21\/empresa-brasil-de-comunicacao-r2cpress-agencia-de-noticias-34\/","title":{"rendered":"Empresa Brasil de Comunica\u00e7\u00e3o \/ R2CPRESS &#8211; Ag\u00eancia de Not\u00edcias"},"content":{"rendered":"<p><center><strong>Advogado diz que resultado de inqu\u00e9rito do acidente da TAM deve ser divulgado at\u00e9 julho<\/strong><\/center><\/p>\n<p>Ronaldo Marzag\u00e3o, advogado que representa os parentes das v\u00edtimas disse acreditar que antes do quarto anivers\u00e1rio do acidente tenhamos uma solu\u00e7\u00e3o final do inqu\u00e9rito. No dia 17 de julho de 2007 o avi\u00e3o da TAM percorreu toda a pista do Aeroporto de Congonhas sem conseguir parar, atravessou a Avenida Washington Lu\u00eds e atingiu um edif\u00edcio da pr\u00f3pria companhia a\u00e9rea e um posto de gasolina. Entre passageiros e tripula\u00e7\u00e3o, 199 pessoas morreram.<br \/>\n<object width=\"100%\" height=\"24\" type=\"application\/x-shockwave-flash\" data=\"http:\/\/radioagencianacional.ebc.com.br\/sites\/radioagencianacional.ebc.com.br\/modules\/mp3player\/mp3player\/player.swf\" ><param name=\"bgcolor\" value=\"#FFFFFF\"><\/param><param name=\"wmode\" value=\"transparent\"><\/param><param name=\"menu\" value=\"false\"><\/param><param NAME=\"WMode\" VALUE=\"Transparent\"><\/param><param NAME=\"Play\" VALUE=\"0\"><\/param><param NAME=\"Loop\" VALUE=\"-1\"><\/param><param NAME=\"Quality\" VALUE=\"High\"><\/param><param NAME=\"SAlign\" VALUE=\"L\"><\/param><param NAME=\"Menu\" VALUE=\"0\"><\/param><param NAME=\"Base\" VALUE=\"\"><\/param><param NAME=\"AllowScriptAccess\" VALUE=\"\"><\/param><param NAME=\"Scale\" VALUE=\"NoScale\"><\/param><param NAME=\"DeviceFont\" VALUE=\"0\"><\/param><param NAME=\"EmbedMovie\" VALUE=\"0\"><\/param><param NAME=\"BGColor\" VALUE=\"FFFFFF\"><\/param><param NAME=\"SWRemote\" VALUE=\"\"><\/param><param NAME=\"MovieData\" VALUE=\"\"><\/param><param NAME=\"SeamlessTabbing\" VALUE=\"1\"><\/param><param NAME=\"Profile\" VALUE=\"-1\"><\/param><param NAME=\"ProfileAddress\" VALUE=\"\"><\/param><param NAME=\"ProfilePort\" VALUE=\"-2147483648\"><\/param><param NAME=\"AllowNetworking\" VALUE=\"all\"><\/param><param NAME=\"AllowFullScreen\" VALUE=\"false\"><\/param><param NAME=\"Movie\" VALUE=\"http:\/\/radioagencianacional.ebc.com.br\/sites\/radioagencianacional.ebc.com.br\/modules\/mp3player\/mp3player\/player.swf\"><\/param><param NAME=\"Src\" VALUE=\"http:\/\/radioagencianacional.ebc.com.br\/sites\/radioagencianacional.ebc.com.br\/modules\/mp3player\/mp3player\/player.swf\"><\/param><param name=\"flashvars\" value=\"noinfo=yes&#038;initialvolume=75&#038;soundFile=http:\/\/radioagencianacional.ebc.com.br\/sites\/radioagencianacional.ebc.com.br\/files\/21-05-11 - DANIEL MELLO - TAM 17H17 - ra carmen.mp3&#038;titles=21-05-11 - DANIEL MELLO - TAM 17H17 - ra carmen.mp3&#038;playerID=mp3player_1\"><\/param><\/object><br \/>\n<strong>EBC\/<em>Daniel Melo<\/em><\/strong><\/p>\n","protected":false},"excerpt":{"rendered":"<p>Advogado diz que resultado de inqu\u00e9rito do acidente da TAM deve ser divulgado at\u00e9 julho Ronaldo Marzag\u00e3o, advogado que representa os parentes das v\u00edtimas disse acreditar que antes do quarto anivers\u00e1rio do acidente tenhamos uma solu\u00e7\u00e3o final do inqu\u00e9rito. No dia 17 de julho de 2007 o avi\u00e3o da TAM percorreu toda a pista do [&hellip;]<\/p>\n","protected":false},"author":2,"featured_media":0,"comment_status":"open","ping_status":"open","sticky":false,"template":"","format":"standard","meta":{"_links_to":"","_links_to_target":""},"categories":[18],"tags":[],"_links":{"self":[{"href":"https:\/\/www.r2cpress.com.br\/v1\/wp-json\/wp\/v2\/posts\/15773"}],"collection":[{"href":"https:\/\/www.r2cpress.com.br\/v1\/wp-json\/wp\/v2\/posts"}],"about":[{"href":"https:\/\/www.r2cpress.com.br\/v1\/wp-json\/wp\/v2\/types\/post"}],"author":[{"embeddable":true,"href":"https:\/\/www.r2cpress.com.br\/v1\/wp-json\/wp\/v2\/users\/2"}],"replies":[{"embeddable":true,"href":"https:\/\/www.r2cpress.com.br\/v1\/wp-json\/wp\/v2\/comments?post=15773"}],"version-history":[{"count":2,"href":"https:\/\/www.r2cpress.com.br\/v1\/wp-json\/wp\/v2\/posts\/15773\/revisions"}],"predecessor-version":[{"id":15775,"href":"https:\/\/www.r2cpress.com.br\/v1\/wp-json\/wp\/v2\/posts\/15773\/revisions\/15775"}],"wp:attachment":[{"href":"https:\/\/www.r2cpress.com.br\/v1\/wp-json\/wp\/v2\/media?parent=15773"}],"wp:term":[{"taxonomy":"category","embeddable":true,"href":"https:\/\/www.r2cpress.com.br\/v1\/wp-json\/wp\/v2\/categories?post=15773"},{"taxonomy":"post_tag","embeddable":true,"href":"https:\/\/www.r2cpress.com.br\/v1\/wp-json\/wp\/v2\/tags?post=15773"}],"curies":[{"name":"wp","href":"https:\/\/api.w.org\/{rel}","templated":true}]}}