{"id":15776,"date":"2011-05-21T21:42:45","date_gmt":"2011-05-22T00:42:45","guid":{"rendered":"http:\/\/www.r2cpress.com.br\/v1\/?p=15776"},"modified":"2011-05-21T21:42:45","modified_gmt":"2011-05-22T00:42:45","slug":"vereador-da-comissao-de-direitos-humanos-agride-agente-de-transito-em-ilheus","status":"publish","type":"post","link":"https:\/\/www.r2cpress.com.br\/v1\/2011\/05\/21\/vereador-da-comissao-de-direitos-humanos-agride-agente-de-transito-em-ilheus\/","title":{"rendered":"VEREADOR DA COMISS\u00c3O DE DIREITOS HUMANOS AGRIDE AGENTE DE TR\u00c2NSITO EM ILH\u00c9US"},"content":{"rendered":"<p><span style=\"font-size: small;\"><\/p>\n<div id=\"attachment_15777\" style=\"width: 310px\" class=\"wp-caption alignright\"><a href=\"http:\/\/www.r2cpress.com.br\/v1\/wp-content\/uploads\/MONT-CAPA-SITE72.jpg\"><img aria-describedby=\"caption-attachment-15777\" loading=\"lazy\" class=\"size-medium wp-image-15777\" title=\"MONT CAPA SITE\" src=\"http:\/\/www.r2cpress.com.br\/v1\/wp-content\/uploads\/MONT-CAPA-SITE72-300x233.jpg\" alt=\"\" width=\"300\" height=\"233\" srcset=\"https:\/\/www.r2cpress.com.br\/v1\/wp-content\/uploads\/MONT-CAPA-SITE72-300x233.jpg 300w, https:\/\/www.r2cpress.com.br\/v1\/wp-content\/uploads\/MONT-CAPA-SITE72.jpg 787w\" sizes=\"(max-width: 300px) 100vw, 300px\" \/><\/a><p id=\"caption-attachment-15777\" class=\"wp-caption-text\">Clique para AMPLIAR.<\/p><\/div>\n<p><\/span><\/p>\n<p>Hoje, como de costume, fazia uma  ronda rotineira na \u00e1rea da Avenida Itabuna realizando o meu trabalho que  \u00e9 FISCALIZAR o cumprimento da legisla\u00e7\u00e3o de tr\u00e2nsito. Como de praxe,  sempre que encontarmos ve\u00edculos irregulares no passeio ou fazendo carga e  descarga em locais inapropriados, pedimos para retirar, um dos  ve\u00edculos, um caminh\u00e3o, o propriet\u00e1rio se negou e depois de muita  tentativa,disse a ele que daria a ele mais uma hora para terminar sua  descarga e que ap\u00f3s este tempo, quando voltasse ele retiraria seu  caminh\u00e3o ou seria notificado e o\u00a0ve\u00edculo removido. A\u00a0partir da\u00ed o rapaz  passou a fazer liga\u00e7\u00f5es e dizer que j\u00e1 havia falado com o seu advogado e  que j\u00e1 conhecia a minha ficha etc.\u00a0 Sai, contiuei minha ronda fazendo o  mesmo procedimento com v\u00e1rios outros carros em outros pontos na Avenida  Itabuna, quase\u00a0uma hora depois retornei e o caminh\u00e3o ainda estava l\u00e1,  falei com senhor que preferiu me dar as costas, pedi o alvar\u00e1 de  funcionamento dele para proceder o prenchimento da notifica\u00e7\u00e3o de  infra\u00e7\u00e3o de transito sem o uso do ve\u00edculo, uso do passeio sem  autoriza\u00e7\u00e3o do \u00f3rg\u00e3o de tr\u00e2nsito, e o mesmo nem respostas deu, baixou as  portas e me deixou a falar s\u00f3, compreendi que ele n\u00e3o tinha o  documento, ent\u00e3o, liguei para o setor de tributos e solicitei a presen\u00e7a  de um fiscal, neste meio tempo, chega o vereador Tarc\u00edsio Paix\u00e3o,  agente de tr\u00e2nsito licenciado, e passa a conversar com o fiscal de  tributos, dando-lhe &#8220;sugest\u00f5es&#8221; de como proceder, inclusive liberando a  descarga hoje, para somente amanh\u00e3, cumprir a lei 9.503 CTB &#8211; federal &#8211;\u00a0  e o decreto 025 do prefeito Newton Lima, disse ao agente de tr\u00e2nsito  licenciado e vereador, que a \u00fanica autoridade de tr\u00e2nsito ali, era eu e  que o colega do tributos, somente estava para verficar se a empresa tem  ou n\u00e3o licen\u00e7a de funcionamento, depois de v\u00e1rios desentendimentos, o  vereador, agente de tr\u00e2nsito licenciado, achando que o certo era ter  &#8220;BOM SENSO&#8221; , em suas plavras,\u00a0e seguir as SUAS ORDENS, esquecendo do  descrito no CTB, <strong><em>art. 280, par\u00e1grafo \u00fanico: <\/em><\/strong><\/p>\n<p><strong><em><!--more--><br \/>\n<\/em><\/strong><\/p>\n<p><span style=\"font-size: small;\"><strong><em>Ocorrendo infra\u00e7\u00e3o  prevista neste c\u00f3digo, lavrar-se-a, o auto de infra\u00e7\u00e3o, bem como a  resolu\u00e7\u00e3o 371\/10 que unfica os procedimentos de fiscaliza\u00e7\u00e3o no pa\u00eds,  para todos os fiscais de tr\u00e2nsito, sejam civis ou militares, que  inclusive, reafirma o descrito no art. 280<\/em><\/strong>, o agente licenciado e  vereador, ap\u00f3s n\u00e3o obter \u00eaxito em sua empreitada, liberar o ILEGAL e  RETIRAR ou tentar DESFAZER as NOTIFICA\u00c7\u00d4ES, passou a desferir palavras e  baixo cal\u00e3o, chamando-me, inclusive de VIADO. Vindo de uma pessoa  comum, at\u00e9 do notificado, menos mal, mas, de um VEREADOR, HOMEM DA LEI, \u00e9  preocupante, pois soa como HOMOFOBIA &#8211; <strong>medo do igual <\/strong>&#8211; e pega  mal, pois de Bolsonaros, o pa\u00eds j\u00e1 est\u00e1 cheio. <\/span><\/p>\n<p>&nbsp;<\/p>\n<p><span style=\"font-size: small;\">Tarc\u00edsio com seu  posicionamento mostra, que seu mandato se resume a pedir para liberar  lota\u00e7\u00e3o, multasm irregularidades e levar vantagem, uma vez que segundo  informa\u00e7\u00f5es, parentes seus, det\u00e9m alvar\u00e1 de t\u00e1xi do atacad\u00e3o, o que  soaria como concuss\u00e3o, no m\u00ednimo. Mas, o que preocupa \u00e9 que ap\u00f3s uma  vit\u00f3ria dos movimentos LGBT no STF em Bras\u00edlia, com o reconhecimento da  uni\u00e3o homoafetiva, um vereador dito evang\u00e9lico,mas, com pr\u00e1ticas de  \u00cdMPIAS, que envergonham seus &#8220;irm\u00e3os de f\u00e9&#8221;, um agente de tr\u00e2nsito  licenciado, tenha tais pr\u00e1ticas como corriqueiras. V\u00e1rios agentes de  tr\u00e2nsito, reclamam constantemente do ASS\u00c9DIO de Tarc\u00edsio ligando, de seu  telefone particular, para os telefones particulares dos agentes, para  pedir que libere multas ou ve\u00edculos apreendidos fazendo lota\u00e7\u00e3o ou  irregulares, EU, j\u00e1 recebi liga\u00e7\u00f5es dele deste tipo e vou provar,  pedindo a quebra do meu sigilo telef\u00f4nico e dos colegas com quem ele j\u00e1  fez essas propostas indecentes. \u00c9 inclusive curioso,pois, o Vereadorn\u00e3o  repeita seu mandato, seus eleitores, sua categoria &#8211; agentes de  tr\u00e2nsito\u00a0 e nem a da sua esposa &#8211; taxista &#8211; uma vez que diuturnamente  tenta soltar lota\u00e7\u00f5es apreendidas. <\/span><\/p>\n<p>&nbsp;<\/p>\n<p><span style=\"font-size: small;\">Lament\u00e1vel constatar, que um dos  FISCAIS da lei, \u00e9 o mesmo que tenta usar seu mandato para burlar as  mesmas na inten\u00e7\u00e3o de angariar vantagem pol\u00edtica. Sinto-me envergonhado  em ter o vereador como representante na c\u00e2mara, apesar de n\u00e3o ter votado  no mesmo,pois j\u00e1 conhecia suas pr\u00e1ticas desde\u00a0 sua passagem pela  secretaria de assit\u00eancia social e de seu gabinete odontol\u00f3gico  &#8220;gratuito&#8221; , que trocava dentaduras por votos na campanha de deputado da  Universal,preso depois por recpta\u00e7\u00e3o de carro roubado.<\/p>\n<p>Sinto-me  mais envergonhado em ter que reconhecer que o mesmo que tenta trocar  VOTOS por VIDA, pois TR\u00c2NSITO \u00c9 VIDA, \u00e9 meu colega de farda.<\/p>\n<p>Sinto-me  envergonhado por saber, que mesmo acreditando sempre no homem, nossos  fiscais s\u00e3o, com raras excess\u00f5es, assim. pois Tarc\u00edsio n\u00e3o \u00e9 o \u00fanico a  ligar, ir ao local das autua\u00e7\u00f5es, ir falar direto com secret\u00e1rio ou o  diretor de tr\u00e2nsito, na tentativa de &#8220;tirar uma multa&#8221; ou at\u00e9 mesmo  mandar bilhetes, temos como provar, que isso \u00e9 a praxe na pol\u00edtica  ilheense e envolve outros, da estirpe do vereador, agente de tr\u00e2nsito  Tarc\u00edsio, at\u00e9\u00a0substituto de prefeito, com direito a bilhetes em papel  timbrado de hospitais e tudo.<\/p>\n<p>A partir de hoje, TODOS os que  tentarem contra a VIDA, pedindo &#8220;favores do tipo, ser\u00e3o denunciadosm  tarc\u00edsio \u00e9 o primeiro, gravei TODA a discuss\u00e3o com o vereador no Palm  Top da prefeitura, que gra\u00e7as a DEUS tem um sistema que quando em  perigo, acionamos um bot\u00e3o que grava TODO o a\u00fadio, para que provemos, se  necess\u00e1rio, nossa inoc\u00eancia em casos de tentaiva de suborno. Usei hoje,  pela primeira vez, pois me cansei de ser ASSEDIADO e depois execrado  pela m\u00eddia, por amigos deste que ouvem n\u00e3os todos os dias e usarei,  TODAS as vezes que for necess\u00e1rio, com Tarc\u00edsios ou qualquer outro, que  tente, de alguma forma, me assediar, amedrontar, coagir, fazer com que  seja como eles, PREVARICADORES, SUJOS e INESCRUPULOSOS.<\/p>\n<p>Por conta desta forma de fazer pol\u00edtica, que tantas <strong>Regianes e Jos\u00e9s Fernando <\/strong>pedem  suas vidas no tr\u00e2nsito,\u00a0 tantos outros jovens ficam mutilados ou  inutilizados, por isso que o Brasil gasta R$ 5.000.000,00, em dispesas  m\u00e9dicas por ano, somente em acidentes de tr\u00e2nsito e tantos jovens t\u00eam  sua vida ceifada. Infelizmente sei que sou uma voz solit\u00e1ria que clama  no deserto, pois a cultura do brasileiro \u00e9 a da lei do Gerson, do  &#8220;jeitinho brasileiro&#8221; e se est\u00e1\u00a0 bom para mim, o resto que se exploda,  sei que serei criticado e execrado publicamente, muitos dir\u00e3o, como em  outras oportunidades que quero me promover, mas, assim como antes,  continuarei fazendo o meu trabalho, na forma da lei, e da forma que  acredito e que aprendi com minha m\u00e3e, de resto, \u00e9 s\u00f3 lamentar por n\u00e3o  ter\u00a0muito a fazer, e ter que ver a cada dia, no trabalho, tantos  morrerem e sofrerem, para que alguns, possam viver bem, a custa de  favores e ilegalidades.<\/span><\/p>\n<p><span style=\"font-size: small;\"><br \/>\n<\/span><strong>Val\u00e9rio Bomfim <\/strong><br \/>\n<strong>Agente de Tr\u00e2nsito<\/strong><\/p>\n<p><strong>&#8212;<\/strong><\/p>\n<p style=\"text-align: center;\"><strong>Espa\u00e7o aberto para os citados &#8211; querendo &#8211; se manifestar.<br \/>\n<\/strong><\/p>\n","protected":false},"excerpt":{"rendered":"<p>Hoje, como de costume, fazia uma ronda rotineira na \u00e1rea da Avenida Itabuna realizando o meu trabalho que \u00e9 FISCALIZAR o cumprimento da legisla\u00e7\u00e3o de tr\u00e2nsito. Como de praxe, sempre que encontarmos ve\u00edculos irregulares no passeio ou fazendo carga e descarga em locais inapropriados, pedimos para retirar, um dos ve\u00edculos, um caminh\u00e3o, o propriet\u00e1rio se [&hellip;]<\/p>\n","protected":false},"author":2,"featured_media":0,"comment_status":"open","ping_status":"open","sticky":false,"template":"","format":"standard","meta":{"_links_to":"","_links_to_target":""},"categories":[22],"tags":[],"_links":{"self":[{"href":"https:\/\/www.r2cpress.com.br\/v1\/wp-json\/wp\/v2\/posts\/15776"}],"collection":[{"href":"https:\/\/www.r2cpress.com.br\/v1\/wp-json\/wp\/v2\/posts"}],"about":[{"href":"https:\/\/www.r2cpress.com.br\/v1\/wp-json\/wp\/v2\/types\/post"}],"author":[{"embeddable":true,"href":"https:\/\/www.r2cpress.com.br\/v1\/wp-json\/wp\/v2\/users\/2"}],"replies":[{"embeddable":true,"href":"https:\/\/www.r2cpress.com.br\/v1\/wp-json\/wp\/v2\/comments?post=15776"}],"version-history":[{"count":4,"href":"https:\/\/www.r2cpress.com.br\/v1\/wp-json\/wp\/v2\/posts\/15776\/revisions"}],"predecessor-version":[{"id":15781,"href":"https:\/\/www.r2cpress.com.br\/v1\/wp-json\/wp\/v2\/posts\/15776\/revisions\/15781"}],"wp:attachment":[{"href":"https:\/\/www.r2cpress.com.br\/v1\/wp-json\/wp\/v2\/media?parent=15776"}],"wp:term":[{"taxonomy":"category","embeddable":true,"href":"https:\/\/www.r2cpress.com.br\/v1\/wp-json\/wp\/v2\/categories?post=15776"},{"taxonomy":"post_tag","embeddable":true,"href":"https:\/\/www.r2cpress.com.br\/v1\/wp-json\/wp\/v2\/tags?post=15776"}],"curies":[{"name":"wp","href":"https:\/\/api.w.org\/{rel}","templated":true}]}}