{"id":15846,"date":"2011-05-23T09:52:11","date_gmt":"2011-05-23T12:52:11","guid":{"rendered":"http:\/\/www.r2cpress.com.br\/v1\/?p=15846"},"modified":"2011-05-23T09:52:11","modified_gmt":"2011-05-23T12:52:11","slug":"informes-decolores","status":"publish","type":"post","link":"https:\/\/www.r2cpress.com.br\/v1\/2011\/05\/23\/informes-decolores\/","title":{"rendered":"INFORMES DECOLORES"},"content":{"rendered":"<p><strong>O MOVIMENTO DE CURSILHOS DE CRISTANDADE DA DIOCESE DE ILH\u00c9US<\/strong>, no dia 20 do corrente  completou 40 anos de servi\u00e7os prestados ininterruptos, evangelizando os ambientes de nossa cidade e de dezenas de outros municipios, inclusive fora de nosso Estado e de nossa diocese, pelo que ao longo destas quatro decadas conseguiu evangelizar exatas 9.988 pessoas, hoje cursilhistas. <\/p>\n<p>No dia 22 (domingo) foi realizada uma concentra\u00e7\u00e3o \u00e0s 8:00 horas em frente \u00e0 Concha Ac\u00fastica, de onde saiu em pasesta pela Avenida Soares Lopes com  destino a Catedral de S\u00e3o Sebasti\u00e3o, onde foi realizada a Celebra\u00e7\u00e3o Eucaristica em A\u00e7\u00e3o de Gra\u00e7as, bem como \u00e0 apresenta\u00e7\u00e3o de uma pe\u00e7a teatral sob a responsabilidade da ala jovem do MCC. E,  em virtude da relevante marca de 40 anos, nada mais justo do que tamb\u00e9m homenagear as pessoas que t\u00e3o bravamente deram a sua parcela de colabora\u00e7\u00e3o para o engradecimento do MCC em nossa diocese, a exemplo dos prioneiros  Dioscar Santiago Rocha e Aidil Azevedo Gomes, os  Padres Gil e Jo\u00e3o Oiticica, verdadeiros guerreiros e servos do Movimento de Cursilhos, e os ex-coordenadores Diocesano a exemplo de Luiz Castro, Jaime Alves, Jairo Cunha, Joilson Paulino, Vitor Kaufamann, Antonina Kaufamann, Aureliano Reis e Edu Neto. Na oportunidade foram lembrados os irm\u00e3os em Cristo  Dom Tepe, Carmita Overbeck, S\u00e1 Barreto, Ber\u00e1, Alvinho Sim\u00f5es, Jos\u00e9 Magalh\u00e3es, Miguel Pereira, Antonio Isaac e Teofilo Santa Cruz, que estiveram \u00e0 frente da dire\u00e7\u00e3o do MCC e hoje descansam na gl\u00f3ria celeste junto ao Pai.<\/p>\n<p>Atualmente o MCC tem como coordenador diocesano o irm\u00e3o Oswaldo Jorge Souza, que vem desenpenhando exelente servi\u00e7o em prol da evangeliza\u00e7\u00e3o, al\u00e9m suerguer os Setor Sub-Geds de Camamu, Ubat\u00e3, Itacar\u00e9 e Ipia\u00fa.<\/p>\n<p>Quero nesta oportunidade parabenizar a todos particpnates do MCC, reafirmando a frase do Apostolo Paulo que disse: COMBATEMOS O BOM COMBATE!<\/p>\n<p>Luiz Castro<br \/>\nemail: lmcdecolores@yahoo.com.br<\/p>\n","protected":false},"excerpt":{"rendered":"<p>O MOVIMENTO DE CURSILHOS DE CRISTANDADE DA DIOCESE DE ILH\u00c9US, no dia 20 do corrente completou 40 anos de servi\u00e7os prestados ininterruptos, evangelizando os ambientes de nossa cidade e de dezenas de outros municipios, inclusive fora de nosso Estado e de nossa diocese, pelo que ao longo destas quatro decadas conseguiu evangelizar exatas 9.988 pessoas, [&hellip;]<\/p>\n","protected":false},"author":2,"featured_media":0,"comment_status":"open","ping_status":"open","sticky":false,"template":"","format":"standard","meta":{"_links_to":"","_links_to_target":""},"categories":[28],"tags":[],"_links":{"self":[{"href":"https:\/\/www.r2cpress.com.br\/v1\/wp-json\/wp\/v2\/posts\/15846"}],"collection":[{"href":"https:\/\/www.r2cpress.com.br\/v1\/wp-json\/wp\/v2\/posts"}],"about":[{"href":"https:\/\/www.r2cpress.com.br\/v1\/wp-json\/wp\/v2\/types\/post"}],"author":[{"embeddable":true,"href":"https:\/\/www.r2cpress.com.br\/v1\/wp-json\/wp\/v2\/users\/2"}],"replies":[{"embeddable":true,"href":"https:\/\/www.r2cpress.com.br\/v1\/wp-json\/wp\/v2\/comments?post=15846"}],"version-history":[{"count":2,"href":"https:\/\/www.r2cpress.com.br\/v1\/wp-json\/wp\/v2\/posts\/15846\/revisions"}],"predecessor-version":[{"id":15848,"href":"https:\/\/www.r2cpress.com.br\/v1\/wp-json\/wp\/v2\/posts\/15846\/revisions\/15848"}],"wp:attachment":[{"href":"https:\/\/www.r2cpress.com.br\/v1\/wp-json\/wp\/v2\/media?parent=15846"}],"wp:term":[{"taxonomy":"category","embeddable":true,"href":"https:\/\/www.r2cpress.com.br\/v1\/wp-json\/wp\/v2\/categories?post=15846"},{"taxonomy":"post_tag","embeddable":true,"href":"https:\/\/www.r2cpress.com.br\/v1\/wp-json\/wp\/v2\/tags?post=15846"}],"curies":[{"name":"wp","href":"https:\/\/api.w.org\/{rel}","templated":true}]}}