{"id":15930,"date":"2011-05-24T09:13:23","date_gmt":"2011-05-24T12:13:23","guid":{"rendered":"http:\/\/www.r2cpress.com.br\/v1\/?p=15930"},"modified":"2011-05-24T09:13:23","modified_gmt":"2011-05-24T12:13:23","slug":"julgamento-dos-acusados-pela-morte-de-marryo","status":"publish","type":"post","link":"https:\/\/www.r2cpress.com.br\/v1\/2011\/05\/24\/julgamento-dos-acusados-pela-morte-de-marryo\/","title":{"rendered":"Julgamento dos acusados pela morte de Marryo"},"content":{"rendered":"<p><div id=\"attachment_15933\" style=\"width: 210px\" class=\"wp-caption alignleft\"><a href=\"http:\/\/www.r2cpress.com.br\/v1\/wp-content\/uploads\/Foto-3x4-marryo.jpg\"><img aria-describedby=\"caption-attachment-15933\" loading=\"lazy\" src=\"http:\/\/www.r2cpress.com.br\/v1\/wp-content\/uploads\/Foto-3x4-marryo.jpg\" alt=\"\" title=\"Foto 3x4 marryo\" width=\"200\" height=\"281\" class=\"size-full wp-image-15933\" \/><\/a><p id=\"caption-attachment-15933\" class=\"wp-caption-text\">Marryo Cerqueira<\/p><\/div>A fam\u00edlia do estudante  MARRYO CERQUEIRA, vem a p\u00fablico pedir aos amigos e a popula\u00e7\u00e3o  de ilh\u00e9us em geral para participar nesta quarta feira dia 25 \u00e1s 8;00 horas no F\u00f3rum de Ilh\u00e9us do julgamento dos acusados pela morte de Marryo.<\/p>\n<p>Marryo era um jovem universit\u00e1rio de 19 anos, tranquilo, amigo de todos,prestativo, sempre ajudando quando solicitado, que recebia t\u00edtulos de honra ao m\u00e9rito emitido pelos col\u00e9gios que estudou em Ilh\u00e9us, bem como da Fainor\/ Vit. da conquista.<\/p>\n<p>Marryo nunca se envolveu com ilicitudes ou teve comportamento desajustado.<br \/>\nMarryo era estudante de Engenharia da Computa\u00e7\u00e3o na Fainorem  tempo integral, a noite trabalhava na biblioteca da pr\u00f3pria faculdade para obter meia bolsa de estudos. Sempre amado pela fam\u00edlia, admirado pelos amigose elogiado pela dire\u00e7\u00e3o da Faculdade pela determina\u00e7\u00e3o nos estudos e presteza , sempre contribuindo, ajudando a difundir e divulgar o curso e o vestibular da institui\u00e7\u00e3o em que estudava, foi o que declarou em  correspond\u00eancia enviada a fam\u00edlia quando da noticia de sua morte  pela dire\u00e7\u00e3o da Fainor.<\/p>\n<p>Marryo estava transferido para FTC para o curso de Ci\u00eancias da Computa\u00e7\u00e3o quando teve sua vida ceifada pelos acusados Adailton de Jesus Carvalho e Vin\u00edcius oliveira da Silva no dia 17 de janeiro de 2005.<\/p>\n<p>A fam\u00edlia de Marryo espera que a JUSTI\u00c7A seja feita , que prevale\u00e7a  a verdade  e  agradece a todos pelo apoio que vem recebendo.<\/p>\n<p>Lucin\u00e9a Cerqueira<br \/>\n Tia de Marryo e Assistente de Acusa\u00e7\u00e3o do caso.<\/p>\n","protected":false},"excerpt":{"rendered":"<p>A fam\u00edlia do estudante MARRYO CERQUEIRA, vem a p\u00fablico pedir aos amigos e a popula\u00e7\u00e3o de ilh\u00e9us em geral para participar nesta quarta feira dia 25 \u00e1s 8;00 horas no F\u00f3rum de Ilh\u00e9us do julgamento dos acusados pela morte de Marryo. Marryo era um jovem universit\u00e1rio de 19 anos, tranquilo, amigo de todos,prestativo, sempre ajudando [&hellip;]<\/p>\n","protected":false},"author":2,"featured_media":0,"comment_status":"open","ping_status":"open","sticky":false,"template":"","format":"standard","meta":{"_links_to":"","_links_to_target":""},"categories":[10],"tags":[],"_links":{"self":[{"href":"https:\/\/www.r2cpress.com.br\/v1\/wp-json\/wp\/v2\/posts\/15930"}],"collection":[{"href":"https:\/\/www.r2cpress.com.br\/v1\/wp-json\/wp\/v2\/posts"}],"about":[{"href":"https:\/\/www.r2cpress.com.br\/v1\/wp-json\/wp\/v2\/types\/post"}],"author":[{"embeddable":true,"href":"https:\/\/www.r2cpress.com.br\/v1\/wp-json\/wp\/v2\/users\/2"}],"replies":[{"embeddable":true,"href":"https:\/\/www.r2cpress.com.br\/v1\/wp-json\/wp\/v2\/comments?post=15930"}],"version-history":[{"count":4,"href":"https:\/\/www.r2cpress.com.br\/v1\/wp-json\/wp\/v2\/posts\/15930\/revisions"}],"predecessor-version":[{"id":15936,"href":"https:\/\/www.r2cpress.com.br\/v1\/wp-json\/wp\/v2\/posts\/15930\/revisions\/15936"}],"wp:attachment":[{"href":"https:\/\/www.r2cpress.com.br\/v1\/wp-json\/wp\/v2\/media?parent=15930"}],"wp:term":[{"taxonomy":"category","embeddable":true,"href":"https:\/\/www.r2cpress.com.br\/v1\/wp-json\/wp\/v2\/categories?post=15930"},{"taxonomy":"post_tag","embeddable":true,"href":"https:\/\/www.r2cpress.com.br\/v1\/wp-json\/wp\/v2\/tags?post=15930"}],"curies":[{"name":"wp","href":"https:\/\/api.w.org\/{rel}","templated":true}]}}