{"id":15937,"date":"2011-05-24T09:14:53","date_gmt":"2011-05-24T12:14:53","guid":{"rendered":"http:\/\/www.r2cpress.com.br\/v1\/?p=15937"},"modified":"2011-05-24T09:14:53","modified_gmt":"2011-05-24T12:14:53","slug":"ficc-participa-do-grupo-de-trabalho-para-comemorar-o-ano-jorge-amado","status":"publish","type":"post","link":"https:\/\/www.r2cpress.com.br\/v1\/2011\/05\/24\/ficc-participa-do-grupo-de-trabalho-para-comemorar-o-ano-jorge-amado\/","title":{"rendered":"Ficc Participa do Grupo de Trabalho   para Comemorar o Ano Jorge Amado"},"content":{"rendered":"<p>A Secretaria de Cultura do Estado da Bahia pretende realizar um programa de atividades em homenagem ao centen\u00e1rio do nosso grande escritor Jorge Amado. A comemora\u00e7\u00e3o, preliminarmente intitulada \u201cAno Jorge Amado\u201d, deve se estender de agosto de 2011 at\u00e9 a data de seu centen\u00e1rio em 10 de agosto de 2012, reunindo um conjunto diversificado de atividades e envolvendo diferentes institui\u00e7\u00f5es e personalidades culturais. As reuni\u00f5es da comiss\u00e3o composta para o Grupo de Trabalho do \u201cAno Jorge Amado\u201d j\u00e1 est\u00e3o em curso, <\/p>\n<p>Tendo em vista a conjuga\u00e7\u00e3o de temas e interesses entre a Secretaria Estadual de  Cultura e a Funda\u00e7\u00e3o Itabunense de Cultura e Cidadania, bem como a import\u00e2ncia de parceria entre ambas as institui\u00e7\u00f5es, a Secret\u00e1ria de Assuntos Culturais Internacionais da SECULT, doutora Monique Badar\u00f3, convidou a FICC para compor o Grupo de Trabalho do \u201cAno Jorge Amado\u201d. Ser\u00e1 agendada  uma s\u00e9rie de reuni\u00f5es quinzenais para discutir o Programa, sendo que a pr\u00f3xima reuni\u00e3o ser\u00e1 no dia 31 de maio, \u00e0s 17h,  no Conselho Estadual de Cultura.<\/p>\n<p><!--more--><\/p>\n<p>Durante as decorrentes reuni\u00f5es, algumas id\u00e9ias de projetos j\u00e1 est\u00e3o sendo discutidas. A sua viabiliza\u00e7\u00e3o depende, no entanto, da participa\u00e7\u00e3o ativa da Funda\u00e7\u00e3o Itabunense de Cultura e Cidadania, representando tamb\u00e9m Itabuna. No seu of\u00edcio endere\u00e7ado ao presidente da FICC, Cyro de Mattos, a diretora Monique Badar\u00f3 salientou a import\u00e2ncia da parceria da entidade cultural itabunense  para potencializar o \u201cAno Jorge Amado\u201d e torn\u00e1-lo \u00e0 altura do artista e escritor homenageado.<\/p>\n<p>O presidente da FICC, Cyro de Mattos, declarou  que j\u00e1 enviou uma s\u00e9rie de sugest\u00f5es para ser debatida na pr\u00f3xima reuni\u00e3o do grupo de trabalho do Ano do centen\u00e1rio de Jorge Amado e, entre elas, a implanta\u00e7\u00e3o pelo Governo do Estado, atrav\u00e9s das Secretarias de Turismo e\/ou  Cultura,  do Eco-Museu Jorge Amado em Ferradas, distrito de Itabuna, na casa em ru\u00ednas  onde o consagrado romancista baiano passou anos da inf\u00e2ncia. Justo reconhecimento ao filho mais ilustre de Itabuna e um  sonho acalentado h\u00e1 tempos pela comunidade ferradense. <\/p>\n<p>Adiantou o presidente Cyro de Mattos  que terreno e restos da casa onde o romancista residiu na inf\u00e2ncia com a fam\u00edlia pertencem ao patrim\u00f4nio da FICC. Lembrou que o projeto com justificativa, finalidade, p\u00fablico alvo, plantas, planilha de custos, or\u00e7ados em 600 mil reais, foi entregue h\u00e1 pouco menos de dois meses em Salvador  \u00e0 doutora Monique Badar\u00f3 para  ser encaminhado ao secret\u00e1rio de Cultura do Estado. <\/p>\n<p> Na sua rela\u00e7\u00e3o de sugest\u00f5es, a  FICC solicitou  tamb\u00e9m ao Grupo de Trabalho do Ano de Jorge Amado  exibi\u00e7\u00e3o de filme sobre a vida e obra do romancista grapi\u00fana,  exposi\u00e7\u00e3o fotogr\u00e1fica no Centro de Cultura Adonias Filho e nas escolas,  e ao lado disso apresenta\u00e7\u00e3o do espet\u00e1culo Jorge Amado Grapi\u00fana, dire\u00e7\u00e3o da professora Dayse Santos, com  m\u00fasica, dan\u00e7a e teatro, envolvendo os livros do escritor que falam de Itabuna, como Terras do Sem Fim, O Menino Grapi\u00fana e  A Descoberta da Am\u00e9rica pelos Turcos.<\/p>\n","protected":false},"excerpt":{"rendered":"<p>A Secretaria de Cultura do Estado da Bahia pretende realizar um programa de atividades em homenagem ao centen\u00e1rio do nosso grande escritor Jorge Amado. A comemora\u00e7\u00e3o, preliminarmente intitulada \u201cAno Jorge Amado\u201d, deve se estender de agosto de 2011 at\u00e9 a data de seu centen\u00e1rio em 10 de agosto de 2012, reunindo um conjunto diversificado de [&hellip;]<\/p>\n","protected":false},"author":2,"featured_media":0,"comment_status":"open","ping_status":"open","sticky":false,"template":"","format":"standard","meta":{"_links_to":"","_links_to_target":""},"categories":[5],"tags":[],"_links":{"self":[{"href":"https:\/\/www.r2cpress.com.br\/v1\/wp-json\/wp\/v2\/posts\/15937"}],"collection":[{"href":"https:\/\/www.r2cpress.com.br\/v1\/wp-json\/wp\/v2\/posts"}],"about":[{"href":"https:\/\/www.r2cpress.com.br\/v1\/wp-json\/wp\/v2\/types\/post"}],"author":[{"embeddable":true,"href":"https:\/\/www.r2cpress.com.br\/v1\/wp-json\/wp\/v2\/users\/2"}],"replies":[{"embeddable":true,"href":"https:\/\/www.r2cpress.com.br\/v1\/wp-json\/wp\/v2\/comments?post=15937"}],"version-history":[{"count":2,"href":"https:\/\/www.r2cpress.com.br\/v1\/wp-json\/wp\/v2\/posts\/15937\/revisions"}],"predecessor-version":[{"id":15939,"href":"https:\/\/www.r2cpress.com.br\/v1\/wp-json\/wp\/v2\/posts\/15937\/revisions\/15939"}],"wp:attachment":[{"href":"https:\/\/www.r2cpress.com.br\/v1\/wp-json\/wp\/v2\/media?parent=15937"}],"wp:term":[{"taxonomy":"category","embeddable":true,"href":"https:\/\/www.r2cpress.com.br\/v1\/wp-json\/wp\/v2\/categories?post=15937"},{"taxonomy":"post_tag","embeddable":true,"href":"https:\/\/www.r2cpress.com.br\/v1\/wp-json\/wp\/v2\/tags?post=15937"}],"curies":[{"name":"wp","href":"https:\/\/api.w.org\/{rel}","templated":true}]}}