{"id":15940,"date":"2011-05-24T09:17:59","date_gmt":"2011-05-24T12:17:59","guid":{"rendered":"http:\/\/www.r2cpress.com.br\/v1\/?p=15940"},"modified":"2011-05-24T09:17:59","modified_gmt":"2011-05-24T12:17:59","slug":"moradores-da-urbis-discutirao-projeto-de-urbanizacao-da-praca-angela-souza","status":"publish","type":"post","link":"https:\/\/www.r2cpress.com.br\/v1\/2011\/05\/24\/moradores-da-urbis-discutirao-projeto-de-urbanizacao-da-praca-angela-souza\/","title":{"rendered":"Moradores da Urbis discutir\u00e3o projeto de urbaniza\u00e7\u00e3o da Pra\u00e7a \u00c2ngela Souza"},"content":{"rendered":"<p><img loading=\"lazy\" class=\"aligncenter\" src=\"http:\/\/2.bp.blogspot.com\/-vFdwPVC42TQ\/TdfB_cq_zhI\/AAAAAAAABbs\/nHHMLJ45IKA\/s1600\/pra%25C3%25A7a%2B34.jpg\" alt=\"\" width=\"448\" height=\"250\" \/><\/p>\n<p>Associa\u00e7\u00e3o de Moradores do Bairro Hernani S\u00e1 (Urbis), convida os  moradores para reuni\u00e3o de apresenta\u00e7\u00e3o do projeto de urbaniza\u00e7\u00e3o da  Pra\u00e7a \u00c2ngela Souza que fica  localizada entre os cominhos 34 e 35 do bairro. A reuni\u00e3o acontecer\u00e1 no  dia 25 de maio \u00e0s 19h30min no cominho 34.<\/p>\n<p>O projeto de  urbaniza\u00e7\u00e3o da pra\u00e7a \u00e9 uma iniciativa da associa\u00e7\u00e3o de moradores, e tem  como objetivo transformar o local num ponto atrativo e de conv\u00edvio.<\/p>\n<p>Pelo  projeto, a Pra\u00e7a \u00c2ngela Souza vai ganhar, ilumina\u00e7\u00e3o, bancos,  quiosques, parque infantil, barra de exerc\u00edcios e um espa\u00e7o cultural com  palco.<\/p>\n<p>Jorge Reis (Tinga)<\/p>\n","protected":false},"excerpt":{"rendered":"<p>Associa\u00e7\u00e3o de Moradores do Bairro Hernani S\u00e1 (Urbis), convida os moradores para reuni\u00e3o de apresenta\u00e7\u00e3o do projeto de urbaniza\u00e7\u00e3o da Pra\u00e7a \u00c2ngela Souza que fica localizada entre os cominhos 34 e 35 do bairro. A reuni\u00e3o acontecer\u00e1 no dia 25 de maio \u00e0s 19h30min no cominho 34. O projeto de urbaniza\u00e7\u00e3o da pra\u00e7a \u00e9 uma [&hellip;]<\/p>\n","protected":false},"author":2,"featured_media":0,"comment_status":"open","ping_status":"open","sticky":false,"template":"","format":"standard","meta":{"_links_to":"","_links_to_target":""},"categories":[10],"tags":[],"_links":{"self":[{"href":"https:\/\/www.r2cpress.com.br\/v1\/wp-json\/wp\/v2\/posts\/15940"}],"collection":[{"href":"https:\/\/www.r2cpress.com.br\/v1\/wp-json\/wp\/v2\/posts"}],"about":[{"href":"https:\/\/www.r2cpress.com.br\/v1\/wp-json\/wp\/v2\/types\/post"}],"author":[{"embeddable":true,"href":"https:\/\/www.r2cpress.com.br\/v1\/wp-json\/wp\/v2\/users\/2"}],"replies":[{"embeddable":true,"href":"https:\/\/www.r2cpress.com.br\/v1\/wp-json\/wp\/v2\/comments?post=15940"}],"version-history":[{"count":3,"href":"https:\/\/www.r2cpress.com.br\/v1\/wp-json\/wp\/v2\/posts\/15940\/revisions"}],"predecessor-version":[{"id":15943,"href":"https:\/\/www.r2cpress.com.br\/v1\/wp-json\/wp\/v2\/posts\/15940\/revisions\/15943"}],"wp:attachment":[{"href":"https:\/\/www.r2cpress.com.br\/v1\/wp-json\/wp\/v2\/media?parent=15940"}],"wp:term":[{"taxonomy":"category","embeddable":true,"href":"https:\/\/www.r2cpress.com.br\/v1\/wp-json\/wp\/v2\/categories?post=15940"},{"taxonomy":"post_tag","embeddable":true,"href":"https:\/\/www.r2cpress.com.br\/v1\/wp-json\/wp\/v2\/tags?post=15940"}],"curies":[{"name":"wp","href":"https:\/\/api.w.org\/{rel}","templated":true}]}}