{"id":15988,"date":"2011-05-24T14:23:57","date_gmt":"2011-05-24T17:23:57","guid":{"rendered":"http:\/\/www.r2cpress.com.br\/v1\/?p=15988"},"modified":"2011-05-24T14:23:57","modified_gmt":"2011-05-24T17:23:57","slug":"militares-de-ilheus-realizam-a-pascoa-dos-militares","status":"publish","type":"post","link":"https:\/\/www.r2cpress.com.br\/v1\/2011\/05\/24\/militares-de-ilheus-realizam-a-pascoa-dos-militares\/","title":{"rendered":"MILITARES DE ILH\u00c9US REALIZAM A P\u00c1SCOA DOS MILITARES"},"content":{"rendered":"<h6 style=\"text-align: center;\"><strong>POL\u00cdCIA MILITAR DA BAHIA<\/strong><\/h6>\n<p style=\"text-align: center;\"><strong><span style=\"font-family: Calibri;\">CPRS ITABUNA 69\u00aa CIPM ILH\u00c9US ZONA SUL<\/span><\/strong><\/p>\n<p style=\"text-align: center;\"><strong><span style=\"font-family: Calibri;\"> <\/span><\/strong><\/p>\n<p style=\"text-align: center;\"><strong><span style=\"font-family: Calibri;\">MILITARES DE ILH\u00c9US REALIZAM A P\u00c1SCOA DOS MILITARES<\/span><\/strong><\/p>\n<p><span style=\"font-family: Calibri;\">A Marinha, o Ex\u00e9rcito, a Pol\u00edcia Militar e o Bombeiro Militar t\u00eam a honra de convidar V. S\u00aa. e fam\u00edlia a participarem da <em>P\u00e1scoa dos Militares<\/em> a ser realizada na Catedral de S\u00e3o Sebasti\u00e3o no pr\u00f3ximo dia 25 de maio as 18 horas na cidade de Ilh\u00e9us. <\/span><\/p>\n<p><span style=\"font-family: Calibri;\">Na  ocasi\u00e3o ser\u00e1 realizada uma missa que vai ser presidida pelo Bispo  Diocesano Dom Mauro Montangnoli e contar\u00e1 com a presen\u00e7a dos militares e  autoridades locais. O evento foi organizado pelo Padre Jos\u00e9 Nilton  Barbosa Lapa da Par\u00f3quia Nossa senhora da Escada de Oliven\u00e7a e  autoridades Militares locais.<\/span><\/p>\n<p><span style=\"font-family: Calibri;\">O  decreto Christus Dominus do Conc\u00edlio vaticano II da Igreja Cat\u00f3lica  afirma que: \u201dDevido \u00e0s peculiaridades e condi\u00e7\u00f5es de vida deve-se  especial solicitude \u00e0 dire\u00e7\u00e3o espiritual dos Militares\u201d. A organiza\u00e7\u00e3o  do evento convida todos os militares e a comunidade de Ilh\u00e9us e regi\u00e3o \u00e0  participarem da celebra\u00e7\u00e3o com alegria da P\u00e1scoa do nosso senhor Jesus  Cristo ressuscitado.<\/span><\/p>\n<p><span style=\"font-family: Calibri; font-size: small;\"> <\/span><\/p>\n<p><span style=\"font-family: Calibri; font-size: small;\"> <\/span><\/p>\n<p style=\"text-align: center;\"><strong>JOS\u00c9 CARLOS GALR\u00c3O PERDIZ \u2013 MAJ PM<\/strong><\/p>\n<p style=\"text-align: center;\"><strong> COMANDANTE DA 69\u00aa CIPM<\/strong><\/p>\n","protected":false},"excerpt":{"rendered":"<p>POL\u00cdCIA MILITAR DA BAHIA CPRS ITABUNA 69\u00aa CIPM ILH\u00c9US ZONA SUL MILITARES DE ILH\u00c9US REALIZAM A P\u00c1SCOA DOS MILITARES A Marinha, o Ex\u00e9rcito, a Pol\u00edcia Militar e o Bombeiro Militar t\u00eam a honra de convidar V. S\u00aa. e fam\u00edlia a participarem da P\u00e1scoa dos Militares a ser realizada na Catedral de S\u00e3o Sebasti\u00e3o no pr\u00f3ximo [&hellip;]<\/p>\n","protected":false},"author":2,"featured_media":0,"comment_status":"open","ping_status":"open","sticky":false,"template":"","format":"standard","meta":{"_links_to":"","_links_to_target":""},"categories":[14],"tags":[],"_links":{"self":[{"href":"https:\/\/www.r2cpress.com.br\/v1\/wp-json\/wp\/v2\/posts\/15988"}],"collection":[{"href":"https:\/\/www.r2cpress.com.br\/v1\/wp-json\/wp\/v2\/posts"}],"about":[{"href":"https:\/\/www.r2cpress.com.br\/v1\/wp-json\/wp\/v2\/types\/post"}],"author":[{"embeddable":true,"href":"https:\/\/www.r2cpress.com.br\/v1\/wp-json\/wp\/v2\/users\/2"}],"replies":[{"embeddable":true,"href":"https:\/\/www.r2cpress.com.br\/v1\/wp-json\/wp\/v2\/comments?post=15988"}],"version-history":[{"count":3,"href":"https:\/\/www.r2cpress.com.br\/v1\/wp-json\/wp\/v2\/posts\/15988\/revisions"}],"predecessor-version":[{"id":15991,"href":"https:\/\/www.r2cpress.com.br\/v1\/wp-json\/wp\/v2\/posts\/15988\/revisions\/15991"}],"wp:attachment":[{"href":"https:\/\/www.r2cpress.com.br\/v1\/wp-json\/wp\/v2\/media?parent=15988"}],"wp:term":[{"taxonomy":"category","embeddable":true,"href":"https:\/\/www.r2cpress.com.br\/v1\/wp-json\/wp\/v2\/categories?post=15988"},{"taxonomy":"post_tag","embeddable":true,"href":"https:\/\/www.r2cpress.com.br\/v1\/wp-json\/wp\/v2\/tags?post=15988"}],"curies":[{"name":"wp","href":"https:\/\/api.w.org\/{rel}","templated":true}]}}