{"id":16017,"date":"2011-05-24T20:44:49","date_gmt":"2011-05-24T23:44:49","guid":{"rendered":"http:\/\/www.r2cpress.com.br\/v1\/?p=16017"},"modified":"2011-05-24T20:44:49","modified_gmt":"2011-05-24T23:44:49","slug":"deputado-imbassahy-na-radio-baihana","status":"publish","type":"post","link":"https:\/\/www.r2cpress.com.br\/v1\/2011\/05\/24\/deputado-imbassahy-na-radio-baihana\/","title":{"rendered":"Deputado Imbassahy na R\u00e1dio Baihana"},"content":{"rendered":"<p>Caro Rabat,<\/p>\n<p>Segue uma mensagem informando que o Deputado Imbassahy estar\u00e1 amanh\u00e3 na r\u00e1dio Baihana de Ilh\u00e9us, no programa <strong>COMPROMISSO COM A VERDADE<\/strong>.<\/p>\n<p>Recebi esse e-mail em resposta aos seguintes questionamentos (entre outros): <\/p>\n<p><strong>O povo ilheense quer saber:<\/p>\n<p>01. Cad\u00ea a nova ou duplica\u00e7\u00e3o da ponte Ilh\u00e9us-Pontal?<br \/>\n02. A constru\u00e7\u00e3o da BR Pontal-Buerarema vai sair?<\/strong><\/p>\n<p>Pe\u00e7o que avise aos ilheenses pelo R2CPRESS.<\/p>\n<p>Obrigado!<\/p>\n<p>Rodrigo.<\/p>\n","protected":false},"excerpt":{"rendered":"<p>Caro Rabat, Segue uma mensagem informando que o Deputado Imbassahy estar\u00e1 amanh\u00e3 na r\u00e1dio Baihana de Ilh\u00e9us, no programa COMPROMISSO COM A VERDADE. Recebi esse e-mail em resposta aos seguintes questionamentos (entre outros): O povo ilheense quer saber: 01. Cad\u00ea a nova ou duplica\u00e7\u00e3o da ponte Ilh\u00e9us-Pontal? 02. A constru\u00e7\u00e3o da BR Pontal-Buerarema vai sair? [&hellip;]<\/p>\n","protected":false},"author":2,"featured_media":0,"comment_status":"open","ping_status":"open","sticky":false,"template":"","format":"standard","meta":{"_links_to":"","_links_to_target":""},"categories":[22],"tags":[],"_links":{"self":[{"href":"https:\/\/www.r2cpress.com.br\/v1\/wp-json\/wp\/v2\/posts\/16017"}],"collection":[{"href":"https:\/\/www.r2cpress.com.br\/v1\/wp-json\/wp\/v2\/posts"}],"about":[{"href":"https:\/\/www.r2cpress.com.br\/v1\/wp-json\/wp\/v2\/types\/post"}],"author":[{"embeddable":true,"href":"https:\/\/www.r2cpress.com.br\/v1\/wp-json\/wp\/v2\/users\/2"}],"replies":[{"embeddable":true,"href":"https:\/\/www.r2cpress.com.br\/v1\/wp-json\/wp\/v2\/comments?post=16017"}],"version-history":[{"count":1,"href":"https:\/\/www.r2cpress.com.br\/v1\/wp-json\/wp\/v2\/posts\/16017\/revisions"}],"predecessor-version":[{"id":16018,"href":"https:\/\/www.r2cpress.com.br\/v1\/wp-json\/wp\/v2\/posts\/16017\/revisions\/16018"}],"wp:attachment":[{"href":"https:\/\/www.r2cpress.com.br\/v1\/wp-json\/wp\/v2\/media?parent=16017"}],"wp:term":[{"taxonomy":"category","embeddable":true,"href":"https:\/\/www.r2cpress.com.br\/v1\/wp-json\/wp\/v2\/categories?post=16017"},{"taxonomy":"post_tag","embeddable":true,"href":"https:\/\/www.r2cpress.com.br\/v1\/wp-json\/wp\/v2\/tags?post=16017"}],"curies":[{"name":"wp","href":"https:\/\/api.w.org\/{rel}","templated":true}]}}