{"id":16019,"date":"2011-05-24T21:44:19","date_gmt":"2011-05-25T00:44:19","guid":{"rendered":"http:\/\/www.r2cpress.com.br\/v1\/?p=16019"},"modified":"2011-05-24T21:44:19","modified_gmt":"2011-05-25T00:44:19","slug":"novos-cartoes-de-credito-terao-menos-tarifas","status":"publish","type":"post","link":"https:\/\/www.r2cpress.com.br\/v1\/2011\/05\/24\/novos-cartoes-de-credito-terao-menos-tarifas\/","title":{"rendered":"Novos cart\u00f5es de cr\u00e9dito ter\u00e3o menos tarifas"},"content":{"rendered":"<div>\n<ul>\n<li>A partir de junho, s\u00f3 poder\u00e3o ser oferecidos dois tipos de  cart\u00f5es: os b\u00e1sicos e os<img loading=\"lazy\" class=\"alignright\" title=\"A partir de junho, s\u00f3 poder\u00e3o ser oferecidos dois tipos de cart\u00f5es: os b\u00e1sicos e os diferenciados\/ Foto: Portal Brasil\" src=\"http:\/\/www.secom.gov.br\/sobre-a-secom\/nucleo-de-comunicacao-publica\/copy_of_em-questao-1\/em-questao-do-dia\/consumidores-pagarao-menos-tarifas-de-cartao-de-credito\/image_mini\" alt=\"Novos cart\u00f5es de cr\u00e9dito ter\u00e3o menos tarifas\" width=\"200\" height=\"141\" \/>\n<p>diferenciados\/ Foto: Portal Brasil<\/li>\n<\/ul>\n<\/div>\n<p>&nbsp;<\/p>\n<div><em>Regras entram em vigor em junho<\/em><\/div>\n<p>Come\u00e7am a valer, a partir de 1\u00ba de junho, as novas regras que reduzem  o n\u00famero de tarifas cobradas dos consumidores pelas operadoras de  cart\u00f5es de cr\u00e9dito. As normas para o setor foram estabelecidas pela  resolu\u00e7\u00e3o n\u00b0 3.919\/2010 do Conselho Monet\u00e1rio Nacional (CMN). Os  consumidores pagar\u00e3o no m\u00e1ximo, cinco tarifas do cart\u00e3o: a anuidade, o  pedido de uma segunda via do cart\u00e3o, o uso de canais de atendimento para  saques em dinheiro, a avalia\u00e7\u00e3o emergencial de linhas de cr\u00e9dito ou  pagamento de contas com o cart\u00e3o.<\/p>\n<p>A redu\u00e7\u00e3o no n\u00famero de tarifas ser\u00e1 obrigat\u00f3ria apenas para os  cart\u00f5es que forem emitidos a partir de 1\u00ba de junho deste ano, conforme  explica cartilha do Banco Central divulgada nesta ter\u00e7a-feira (24).<\/p>\n<p>Segundo o Minist\u00e9rio da Justi\u00e7a, as mudan\u00e7as foram motivadas pelo  n\u00famero de reclama\u00e7\u00f5es por cobran\u00e7as indevidas registradas no Sistema  Nacional de Informa\u00e7\u00f5es de Defesa do Consumidor (Sindec) que integra  Procons de todo Pa\u00eds. As reclama\u00e7\u00f5es passaram por an\u00e1lise no  Departamento de Prote\u00e7\u00e3o e Defesa do Consumidor (DPDC) do minist\u00e9rio e,  em seguida, foram encaminhadas ao Banco Central.<\/p>\n<p><!--more--><\/p>\n<p>Outra novidade aprovada pelo conselho \u00e9 que s\u00f3 poder\u00e3o ser oferecidos  dois tipos de cart\u00f5es de cr\u00e9dito: os b\u00e1sicos e os diferenciados, que  podem ser nacionais ou internacionais.<\/p>\n<p>Os cart\u00f5es do tipo b\u00e1sico s\u00e3o exclusivos para o pagamento de compras,  contas ou servi\u00e7os. O valor da anuidade de utiliza\u00e7\u00e3o deve ser o menor  pre\u00e7o cobrado pela operadora, entre todos os cart\u00f5es oferecidos. Tamb\u00e9m  fica proibida, a associa\u00e7\u00e3o a programas de benef\u00edcios ou recompensas  para os cart\u00f5es b\u00e1sicos.<\/p>\n<p>J\u00e1 os cart\u00f5es diferenciados, al\u00e9m de permitir o pagamento de compras,  est\u00e3o associados a programas de benef\u00edcios e recompensas. O pre\u00e7o da  anuidade desse tipo de cart\u00e3o deve abranger, al\u00e9m da utiliza\u00e7\u00e3o para o  pagamento de compras, tamb\u00e9m a participa\u00e7\u00e3o do usu\u00e1rio nos programas  associados ao cart\u00e3o.<\/p>\n<p><strong>Pagamento da fatura \u2013 <\/strong>A  partir de junho, o pagamento m\u00ednimo da fatura mensal n\u00e3o poder\u00e1 ser  inferior a 15% do total cobrado. J\u00e1 em 1\u00ba de dezembro de 2011, o valor  m\u00ednimo corresponder\u00e1 a 20% daquele total.<\/p>\n<p>Os demonstrativos e as faturas mensais dos cart\u00f5es de cr\u00e9dito  dever\u00e3o, ainda, trazer informa\u00e7\u00f5es claras e separadas sobre os encargos  cobrados, de acordo com cada opera\u00e7\u00e3o realizada. Tamb\u00e9m dever\u00e1 constar  do extrato o valor a ser cobrado no m\u00eas seguinte, caso o consumidor opte  pelo pagamento m\u00ednimo.<\/p>\n<p><strong>Saiba Mais &#8211;<\/strong> O Banco Central lan\u00e7ou cartilha que explica as mudan\u00e7as. O manual est\u00e1 dispon\u00edvel em \u00a0<a href=\"http:\/\/www.bcb.gov.br\/\" target=\"_blank\">www.bcb.gov.br<\/a>.<\/p>\n<p>Reclama\u00e7\u00f5es sobre operadoras de cart\u00e3o de cr\u00e9dito podem ser feitas  pelo telefone 0800-979-2345, das 8h \u00e0s 20h, de segunda a sexta.<\/p>\n<p>&nbsp;<\/p>\n<p>&#8212;<\/p>\n<p><a id=\"logo-republica-bv2\" href=\"http:\/\/www.presidencia.gov.br\/\" target=\"_blank\">Em Quest\u00e3o<br \/>\n<\/a><\/p>\n","protected":false},"excerpt":{"rendered":"<p>A partir de junho, s\u00f3 poder\u00e3o ser oferecidos dois tipos de cart\u00f5es: os b\u00e1sicos e os diferenciados\/ Foto: Portal Brasil &nbsp; Regras entram em vigor em junho Come\u00e7am a valer, a partir de 1\u00ba de junho, as novas regras que reduzem o n\u00famero de tarifas cobradas dos consumidores pelas operadoras de cart\u00f5es de cr\u00e9dito. As [&hellip;]<\/p>\n","protected":false},"author":2,"featured_media":0,"comment_status":"open","ping_status":"open","sticky":false,"template":"","format":"standard","meta":{"_links_to":"","_links_to_target":""},"categories":[18],"tags":[],"_links":{"self":[{"href":"https:\/\/www.r2cpress.com.br\/v1\/wp-json\/wp\/v2\/posts\/16019"}],"collection":[{"href":"https:\/\/www.r2cpress.com.br\/v1\/wp-json\/wp\/v2\/posts"}],"about":[{"href":"https:\/\/www.r2cpress.com.br\/v1\/wp-json\/wp\/v2\/types\/post"}],"author":[{"embeddable":true,"href":"https:\/\/www.r2cpress.com.br\/v1\/wp-json\/wp\/v2\/users\/2"}],"replies":[{"embeddable":true,"href":"https:\/\/www.r2cpress.com.br\/v1\/wp-json\/wp\/v2\/comments?post=16019"}],"version-history":[{"count":3,"href":"https:\/\/www.r2cpress.com.br\/v1\/wp-json\/wp\/v2\/posts\/16019\/revisions"}],"predecessor-version":[{"id":16022,"href":"https:\/\/www.r2cpress.com.br\/v1\/wp-json\/wp\/v2\/posts\/16019\/revisions\/16022"}],"wp:attachment":[{"href":"https:\/\/www.r2cpress.com.br\/v1\/wp-json\/wp\/v2\/media?parent=16019"}],"wp:term":[{"taxonomy":"category","embeddable":true,"href":"https:\/\/www.r2cpress.com.br\/v1\/wp-json\/wp\/v2\/categories?post=16019"},{"taxonomy":"post_tag","embeddable":true,"href":"https:\/\/www.r2cpress.com.br\/v1\/wp-json\/wp\/v2\/tags?post=16019"}],"curies":[{"name":"wp","href":"https:\/\/api.w.org\/{rel}","templated":true}]}}