{"id":16023,"date":"2011-05-24T21:51:13","date_gmt":"2011-05-25T00:51:13","guid":{"rendered":"http:\/\/www.r2cpress.com.br\/v1\/?p=16023"},"modified":"2011-05-24T21:52:59","modified_gmt":"2011-05-25T00:52:59","slug":"nossa-escola-de-futebol","status":"publish","type":"post","link":"https:\/\/www.r2cpress.com.br\/v1\/2011\/05\/24\/nossa-escola-de-futebol\/","title":{"rendered":"Nossa Escola de Futebol"},"content":{"rendered":"<p>Boa noite, amigo, Roberto Rabat, que Deus o ilumine todos os dias de sua vida. Que tenha muita paz, harmonia, sa\u00fade e principalmente f\u00e9 em DEUS.<br \/>\n&#8212;<br \/>\nBrigad\u00e3o Marcos Garcia !!!!<br \/>\n<strong>ASSUNTE:<\/strong><br \/>\nTem uma ruma de gente procurando ver fotos da sele\u00e7\u00e3o campe\u00e3 do Intermunicipal. Veja\u00ed com Marcel e mande pra c\u00e1.<br \/>\nAbs e fique com <strong>DEUS <\/strong>(Sempre!).<br \/>\nRabat.<br \/>\n&#8212;<br \/>\nNossa Escola de Futebol, foi fundada em 13 de mar\u00e7o de 1993 &#8211; completamos dia 13 de mar\u00e7o 18 anos de Escolinha, gra\u00e7as a Deus como muita determina\u00e7\u00e3o e perseveran\u00e7a.<br \/>\nTemos hoje 5 (cinco) categorias: Sub &#8211; 7  Sub &#8211; 9  Sub &#8211; 11  Sub &#8211; 13  e  Sub &#8211; 16,  com mais de 200 alunos participando dos nossos trabalhos com treinamentos de fundamentos e na participa\u00e7\u00e3o de campeonatos internos e na participa\u00e7\u00e3o de campeonatos internos e em jogos amistosos com outras Escolinhas  de Ilh\u00e9us e cidades vizinhas. Temos ex-alunos que s\u00e3o jogadores profissionais que  jogam na Europa ( Franklin Baiano &#8211; atacante 27 anos, seu irm\u00e3o  Tharcio Baiano<br \/>\n25 anos tamb\u00e9m atacante ) filhos da Professora Ariana e Jorge Baiano ) e outros no Brasil como, Rodrigo Goes  27 anos zagueiro, jogou esse ano pelo Colo Colo ( campe\u00e3o Baiano 2006 pelo Colo Colo de Futebol e Regatas ) Diego Alexandre  21 anos meia atacante &#8211; Nildo 20 anos zagueiro com 1,89 altura vice campe\u00e3o baiano de junior em 2010 pelo Itabuna Esporte Clube e 3\u00ba lugar em 2011 pelo junior do Colo Colo. <\/p>\n<p>Temos mais de 1 mil fotos da Escolinha no  nosso Orkut; escolafutebol@gmail.com<\/p>\n<p><strong><br \/>\nNossa Equipe:<\/strong><\/p>\n<p><!--more--><\/p>\n<p>Marcos Ulisses dos Reis Garcia ( Marcos Garcia ) Ex-jogador profissional &#8211; Itabuna Esporte Clube e Ilh\u00e9us <\/p>\n<p>Marcelino dos Reis Garcia  ( Marcelino ) Ex-jogador Profissional &#8211; Canpe\u00e3o Brasileiro pelo Esporte Clube Bahia, Tuna Luso, Galicia, Colo Colo e outros<\/p>\n<p>Manuel Nazar\u00e9 Tude Filho ( Nazar\u00e9 )  Ex-jogador Profissional &#8211; Colo Colo de F. e Regatas, Itabuna, Araxa (MG) e outros<\/p>\n<p>Marcel dos Reis Garcia ( Marcel ) Bi &#8211; campe\u00e3o Intermunicipal de Futebol ( Sel. de Ilh\u00e9us em 1986  e Itajuipe em 1987 )<\/p>\n<p>Ajudantes:<\/p>\n<p>Marcos Paulo Santos Oliveira<\/p>\n<p>Felix Jorge <\/p>\n<p>Secret\u00e1ria:<\/p>\n<p>Eloisa Maria da Silva Santos Garcia<\/p>\n<p>Contador:<\/p>\n<p>Vivaldo<\/p>\n<p>Imprensa:<\/p>\n<p>Wagner Soares <\/p>\n<p>Parceira a 14 anos &#8211; Loja casa do Estudante<\/p>\n<p>Obs: estamos em busca de parcerias <\/p>\n","protected":false},"excerpt":{"rendered":"<p>Boa noite, amigo, Roberto Rabat, que Deus o ilumine todos os dias de sua vida. Que tenha muita paz, harmonia, sa\u00fade e principalmente f\u00e9 em DEUS. &#8212; Brigad\u00e3o Marcos Garcia !!!! ASSUNTE: Tem uma ruma de gente procurando ver fotos da sele\u00e7\u00e3o campe\u00e3 do Intermunicipal. Veja\u00ed com Marcel e mande pra c\u00e1. Abs e fique [&hellip;]<\/p>\n","protected":false},"author":2,"featured_media":0,"comment_status":"open","ping_status":"open","sticky":false,"template":"","format":"standard","meta":{"_links_to":"","_links_to_target":""},"categories":[11],"tags":[],"_links":{"self":[{"href":"https:\/\/www.r2cpress.com.br\/v1\/wp-json\/wp\/v2\/posts\/16023"}],"collection":[{"href":"https:\/\/www.r2cpress.com.br\/v1\/wp-json\/wp\/v2\/posts"}],"about":[{"href":"https:\/\/www.r2cpress.com.br\/v1\/wp-json\/wp\/v2\/types\/post"}],"author":[{"embeddable":true,"href":"https:\/\/www.r2cpress.com.br\/v1\/wp-json\/wp\/v2\/users\/2"}],"replies":[{"embeddable":true,"href":"https:\/\/www.r2cpress.com.br\/v1\/wp-json\/wp\/v2\/comments?post=16023"}],"version-history":[{"count":4,"href":"https:\/\/www.r2cpress.com.br\/v1\/wp-json\/wp\/v2\/posts\/16023\/revisions"}],"predecessor-version":[{"id":16027,"href":"https:\/\/www.r2cpress.com.br\/v1\/wp-json\/wp\/v2\/posts\/16023\/revisions\/16027"}],"wp:attachment":[{"href":"https:\/\/www.r2cpress.com.br\/v1\/wp-json\/wp\/v2\/media?parent=16023"}],"wp:term":[{"taxonomy":"category","embeddable":true,"href":"https:\/\/www.r2cpress.com.br\/v1\/wp-json\/wp\/v2\/categories?post=16023"},{"taxonomy":"post_tag","embeddable":true,"href":"https:\/\/www.r2cpress.com.br\/v1\/wp-json\/wp\/v2\/tags?post=16023"}],"curies":[{"name":"wp","href":"https:\/\/api.w.org\/{rel}","templated":true}]}}