{"id":16031,"date":"2011-05-24T22:20:06","date_gmt":"2011-05-25T01:20:06","guid":{"rendered":"http:\/\/www.r2cpress.com.br\/v1\/?p=16031"},"modified":"2011-05-24T22:20:06","modified_gmt":"2011-05-25T01:20:06","slug":"noite-de-autografos","status":"publish","type":"post","link":"https:\/\/www.r2cpress.com.br\/v1\/2011\/05\/24\/noite-de-autografos\/","title":{"rendered":"Noite de Aut\u00f3grafos"},"content":{"rendered":"<p><center><div id=\"attachment_16032\" style=\"width: 310px\" class=\"wp-caption alignnone\"><a href=\"http:\/\/www.r2cpress.com.br\/v1\/wp-content\/uploads\/MERGULHO-NA-SOMBRA-_-iSABEL-vASCONCELLOS.jpg\"><img aria-describedby=\"caption-attachment-16032\" loading=\"lazy\" src=\"http:\/\/www.r2cpress.com.br\/v1\/wp-content\/uploads\/MERGULHO-NA-SOMBRA-_-iSABEL-vASCONCELLOS-300x142.jpg\" alt=\"\" title=\"MERGULHO NA SOMBRA _ ISABEL VASCONCELLOS\" width=\"300\" height=\"142\" class=\"size-medium wp-image-16032\" srcset=\"https:\/\/www.r2cpress.com.br\/v1\/wp-content\/uploads\/MERGULHO-NA-SOMBRA-_-iSABEL-vASCONCELLOS-300x142.jpg 300w, https:\/\/www.r2cpress.com.br\/v1\/wp-content\/uploads\/MERGULHO-NA-SOMBRA-_-iSABEL-vASCONCELLOS.jpg 680w\" sizes=\"(max-width: 300px) 100vw, 300px\" \/><\/a><p id=\"caption-attachment-16032\" class=\"wp-caption-text\">Clique para AMPLIAR.<\/p><\/div><\/center><\/p>\n<p>Veja o video (4 minutos) da Noite de Aut\u00f3grafos que rolou na FNAC da Paulista. Paulo Jatene, Julia Barany e Sara Turcotte, al\u00e9m de outros amigos e f\u00e3s, fugiram das c\u00e2meras. Mas est\u00e1 quase todo mundo no v\u00eddeo. E rolando muita alegria. Confira. Clique <a href = \"http:\/\/www.isabelvasconcellos.com.br\/Meus%20Livros.htm\" target = \"_news\"><b>AQUI<\/b><\/a>.<\/p>\n<p>&#8212;<br \/>\nescritora, produtora e apresentadora<br \/>\nwww.isabelvasconcellos.com.br<br \/>\nfacebook.com\/IsabelVasconcellos.Caetano<br \/>\ntwitter:  @bellavas<br \/>\nBand TV<\/p>\n","protected":false},"excerpt":{"rendered":"<p>Veja o video (4 minutos) da Noite de Aut\u00f3grafos que rolou na FNAC da Paulista. Paulo Jatene, Julia Barany e Sara Turcotte, al\u00e9m de outros amigos e f\u00e3s, fugiram das c\u00e2meras. Mas est\u00e1 quase todo mundo no v\u00eddeo. E rolando muita alegria. Confira. Clique AQUI. &#8212; escritora, produtora e apresentadora www.isabelvasconcellos.com.br facebook.com\/IsabelVasconcellos.Caetano twitter: @bellavas Band [&hellip;]<\/p>\n","protected":false},"author":2,"featured_media":0,"comment_status":"open","ping_status":"open","sticky":false,"template":"","format":"standard","meta":{"_links_to":"","_links_to_target":""},"categories":[28],"tags":[],"_links":{"self":[{"href":"https:\/\/www.r2cpress.com.br\/v1\/wp-json\/wp\/v2\/posts\/16031"}],"collection":[{"href":"https:\/\/www.r2cpress.com.br\/v1\/wp-json\/wp\/v2\/posts"}],"about":[{"href":"https:\/\/www.r2cpress.com.br\/v1\/wp-json\/wp\/v2\/types\/post"}],"author":[{"embeddable":true,"href":"https:\/\/www.r2cpress.com.br\/v1\/wp-json\/wp\/v2\/users\/2"}],"replies":[{"embeddable":true,"href":"https:\/\/www.r2cpress.com.br\/v1\/wp-json\/wp\/v2\/comments?post=16031"}],"version-history":[{"count":3,"href":"https:\/\/www.r2cpress.com.br\/v1\/wp-json\/wp\/v2\/posts\/16031\/revisions"}],"predecessor-version":[{"id":16035,"href":"https:\/\/www.r2cpress.com.br\/v1\/wp-json\/wp\/v2\/posts\/16031\/revisions\/16035"}],"wp:attachment":[{"href":"https:\/\/www.r2cpress.com.br\/v1\/wp-json\/wp\/v2\/media?parent=16031"}],"wp:term":[{"taxonomy":"category","embeddable":true,"href":"https:\/\/www.r2cpress.com.br\/v1\/wp-json\/wp\/v2\/categories?post=16031"},{"taxonomy":"post_tag","embeddable":true,"href":"https:\/\/www.r2cpress.com.br\/v1\/wp-json\/wp\/v2\/tags?post=16031"}],"curies":[{"name":"wp","href":"https:\/\/api.w.org\/{rel}","templated":true}]}}