{"id":16043,"date":"2011-05-25T08:16:27","date_gmt":"2011-05-25T11:16:27","guid":{"rendered":"http:\/\/www.r2cpress.com.br\/v1\/?p=16043"},"modified":"2011-05-25T08:17:15","modified_gmt":"2011-05-25T11:17:15","slug":"arroz-o-alimento-que-marca-diversas-culturas","status":"publish","type":"post","link":"https:\/\/www.r2cpress.com.br\/v1\/2011\/05\/25\/arroz-o-alimento-que-marca-diversas-culturas\/","title":{"rendered":"ARROZ: O ALIMENTO QUE MARCA DIVERSAS CULTURAS!"},"content":{"rendered":"<p><center><img src = \"http:\/\/www.r2cpress.com.br\/v1\/wp-content\/uploads\/Aline-Fidelman_.jpg\"\/><\/center><br \/>\n<strong> <\/strong>O arroz tem uma express\u00e3o forte na gastronomia mundial, sendo ingrediente principal de v\u00e1rios pratos t\u00edpicos de diferentes culturas. Quem nunca ouviu falar ou provou as deliciosas Paellas espanholas ou o Risotto italiano? O arroz de Sushi japon\u00eas ou o Chari\u00ea \u00e1rabe? E quem n\u00e3o aprecia o arroz agulhinha brasileiro de cada dia?<\/p>\n<p>O arroz \u00e9 um dos alimentos mais consumidos no mundo e seu cultivo \u00e9 t\u00e3o antigo quanto a pr\u00f3pria civiliza\u00e7\u00e3o, acredita-se que h\u00e1 7.000 anos, mas h\u00e1 referencias concretas de que apareceu por volta de 2.800 a.C. e foi na China!<\/p>\n<p style=\"text-align: center;\">&nbsp;<\/p>\n<div id=\"attachment_16045\" style=\"width: 310px\" class=\"wp-caption aligncenter\"><a href=\"http:\/\/www.r2cpress.com.br\/v1\/wp-content\/uploads\/Figura12.jpg\"><img aria-describedby=\"caption-attachment-16045\" loading=\"lazy\" class=\"size-medium wp-image-16045\" title=\"Figura1\" src=\"http:\/\/www.r2cpress.com.br\/v1\/wp-content\/uploads\/Figura12-300x151.jpg\" alt=\"\" width=\"300\" height=\"151\" srcset=\"https:\/\/www.r2cpress.com.br\/v1\/wp-content\/uploads\/Figura12-300x151.jpg 300w, https:\/\/www.r2cpress.com.br\/v1\/wp-content\/uploads\/Figura12.jpg 437w\" sizes=\"(max-width: 300px) 100vw, 300px\" \/><\/a><p id=\"caption-attachment-16045\" class=\"wp-caption-text\">Clique para AMPLIAR<\/p><\/div>\n<p>Na Europa o arroz chegou entre os s\u00e9culos VII e VIII, com a ocupa\u00e7\u00e3o \u00e1rabe na Espanha. A partir da\u00ed passou a ser conhecido em todo o continente, de l\u00e1 chegou ao Brasil, trazido pelos portugueses.<\/p>\n<p>Na natureza existem basicamente duas variedades de arroz:<\/p>\n<ul>\n<li>gr\u00e3o longo<\/li>\n<li>gr\u00e3o curto<\/li>\n<\/ul>\n<p>Seu comportamento \u00e9 diferente quanto \u00e0 coc\u00e7\u00e3o:<\/p>\n<ul>\n<li>os de gr\u00e3o longo ficam leves, macios e soltos<\/li>\n<li>os de gr\u00e3o curto (ou p\u00e9rola) ficam \u00famidos,      cremosos e ligados devido ao amido que possuem<\/li>\n<\/ul>\n<p>As tr\u00eas formas mais conhecidas de processamento de arroz s\u00e3o para a produ\u00e7\u00e3o de:<\/p>\n<p><!--more--><\/p>\n<ul>\n<li><a href=\"http:\/\/www.r2cpress.com.br\/v1\/wp-content\/uploads\/Figura22.jpg\"><img loading=\"lazy\" class=\"alignright size-medium wp-image-16046\" title=\"Figura2\" src=\"http:\/\/www.r2cpress.com.br\/v1\/wp-content\/uploads\/Figura22-300x108.jpg\" alt=\"\" width=\"300\" height=\"108\" srcset=\"https:\/\/www.r2cpress.com.br\/v1\/wp-content\/uploads\/Figura22-300x108.jpg 300w, https:\/\/www.r2cpress.com.br\/v1\/wp-content\/uploads\/Figura22.jpg 351w\" sizes=\"(max-width: 300px) 100vw, 300px\" \/><\/a>Arroz integral<\/li>\n<li>Arroz parboilizado<\/li>\n<li>Arroz polido ou branco<\/li>\n<\/ul>\n<p>Classifica\u00e7\u00e3o quanto ao processamento:<\/p>\n<ol>\n<li><strong>Arroz polido<\/strong> (arroz branco) &#8211; um gr\u00e3o      que passa por um processo de remo\u00e7\u00e3o da casca e do germe (farelo),      removendo tamb\u00e9m muitos de seus nutrientes. \u00c9 geralmente polido para      melhorar sua apar\u00eancia, suavizar seu sabor e amaciar os gr\u00e3os, e deste      processo se originou sua nomenclatura.<\/li>\n<\/ol>\n<ol>\n<li><strong>Arroz enriquecido<\/strong> &#8211; arroz      polido que recebe a adi\u00e7\u00e3o de ferro e vitaminas no processo de polimento.<\/li>\n<\/ol>\n<ol>\n<li><strong>Arroz parboilizado<\/strong> &#8211; gr\u00e3o      pr\u00e9-cozido no vapor em altas temperaturas (com casca) que for\u00e7a as      vitaminas e os minerais para o interior do gr\u00e3o,\u00a0 conservando-o, antes de ser descascado e      polido. O arroz malequizado passa por um processo similar, diferindo      apenas pela temperatura de pr\u00e9-coc\u00e7\u00e3o e o tempo de exposi\u00e7\u00e3o ao vapor, mas      com a mesma finalidade.<\/li>\n<\/ol>\n<ol>\n<li><strong>Arroz integral<\/strong> &#8211; gr\u00e3o descascado n\u00e3o polido, preservando assim seus nutrientes. Tem um sabor amendoado, textura fibrosa e uma coc\u00e7\u00e3o mais longa.<\/li>\n<\/ol>\n<p><center><a href=\"http:\/\/www.r2cpress.com.br\/v1\/wp-content\/uploads\/Figura31.jpg\"><img loading=\"lazy\" class=\"aligncenter size-medium wp-image-16047\" title=\"Figura3\" src=\"http:\/\/www.r2cpress.com.br\/v1\/wp-content\/uploads\/Figura31-300x218.jpg\" alt=\"\" width=\"300\" height=\"218\" srcset=\"https:\/\/www.r2cpress.com.br\/v1\/wp-content\/uploads\/Figura31-300x218.jpg 300w, https:\/\/www.r2cpress.com.br\/v1\/wp-content\/uploads\/Figura31.jpg 441w\" sizes=\"(max-width: 300px) 100vw, 300px\" \/><\/a><br \/>\nArroz Polido e Integral<\/center><\/p>\n<p><strong>ARROZ POR PA\u00cdSES:<\/strong><\/p>\n<p><strong>IT\u00c1LIA<\/strong><\/p>\n<ul>\n<li><strong>Arb\u00f3reo <\/strong>&#8211; arredondado, grosso e branco, ap\u00f3s o preparo tende a ficar mais macio e cremoso. Ideal para \u2018risotto\u2019;<\/li>\n<li><strong>Carnaroli &#8211;<\/strong><strong> t<\/strong>em o cozimento mais lento que o arb\u00f3reo, o <strong>que<\/strong> deixa o risoto mais \u2018al dente\u2019. Seus gr\u00e3os s\u00e3o um pouco mais compridos que os outros tipos italianos.<\/li>\n<li><strong>Vialone Nano &#8211;<\/strong> tem mais amido que os anteriores e vai bem nos risotti e minestrones (sopas).<\/li>\n<\/ul>\n<p><strong>ESPANHA<\/strong><\/p>\n<ul>\n<li><strong>\u00b7 <\/strong><strong>Bomba &#8211;<\/strong> gr\u00e3o bem curto, usado para paellas, concentra em seu n\u00facleo o sabor dos temperos.<strong> <\/strong><strong> <\/strong><\/li>\n<\/ul>\n<p><strong>JAP\u00c3O<\/strong><\/p>\n<ul>\n<li><strong>Nihon Mai ou Cateto <\/strong>&#8211; gr\u00e3os curtos, curvados e um pouco transparentes, t\u00eam grande quantidade de amido e tende a ficar mais macio e cremoso ap\u00f3s o preparo, se comparado com o arroz polido. Utilizado para sushi.<\/li>\n<\/ul>\n<p><strong>INDIA<\/strong><\/p>\n<ul>\n<li><strong>Basmati<\/strong> \u2013 \u00e9 longo e fino e tem sabor delicado. No preparo leva apenas \u00e1gua e sal.<\/li>\n<\/ul>\n<p><strong>TAILANDIA<\/strong><\/p>\n<ul>\n<li><strong>Jasmim &#8211;<\/strong> gr\u00e3o longo, perfumado como o basmati. Indicado para cozimento no vapor.<\/li>\n<\/ul>\n<p><strong>EUA e CHINA<\/strong><\/p>\n<ul>\n<li><strong>Arroz selvagem<\/strong> apesar do nome n\u00e3o \u00e9 um arroz, e sim uma semente de uma gram\u00ednea.      \u00c9 marrom escuro, tem sabor forte amendoado e tempo de coc\u00e7\u00e3o prolongado.      Vai bem em saladas ou misturado com arroz basmati!<\/li>\n<\/ul>\n<p><center><a href=\"http:\/\/www.r2cpress.com.br\/v1\/wp-content\/uploads\/Figura4.jpg\"><img loading=\"lazy\" class=\"aligncenter size-medium wp-image-16048\" title=\"Figura4\" src=\"http:\/\/www.r2cpress.com.br\/v1\/wp-content\/uploads\/Figura4-300x300.jpg\" alt=\"\" width=\"300\" height=\"300\" srcset=\"https:\/\/www.r2cpress.com.br\/v1\/wp-content\/uploads\/Figura4-300x300.jpg 300w, https:\/\/www.r2cpress.com.br\/v1\/wp-content\/uploads\/Figura4-150x150.jpg 150w, https:\/\/www.r2cpress.com.br\/v1\/wp-content\/uploads\/Figura4.jpg 441w\" sizes=\"(max-width: 300px) 100vw, 300px\" \/><\/a><\/center><\/p>\n<p><strong>CHINA<\/strong><\/p>\n<ul>\n<li><strong>Arroz preto<\/strong> &#8211; vers\u00e3o brasileira do      arroz que teve origem na China, o gosto evoca pinh\u00e3o e castanha e vai bem      em paella, risoto, salada&#8230;<\/li>\n<\/ul>\n<ul>\n<li><strong>Arroz vermelho<\/strong> &#8211; Um arroz de gr\u00e3o curto      e meio arredondado, textura macia, gosto que lembra o da castanha.      Apresenta tamb\u00e9m tr\u00eas vezes mais ferro e duas vezes mais zinco que o arroz      branco.<\/li>\n<\/ul>\n<p><center><a href=\"http:\/\/www.r2cpress.com.br\/v1\/wp-content\/uploads\/Figura5.jpg\"><img loading=\"lazy\" class=\"aligncenter size-medium wp-image-16049\" title=\"Figura5\" src=\"http:\/\/www.r2cpress.com.br\/v1\/wp-content\/uploads\/Figura5-300x160.jpg\" alt=\"\" width=\"300\" height=\"160\" srcset=\"https:\/\/www.r2cpress.com.br\/v1\/wp-content\/uploads\/Figura5-300x160.jpg 300w, https:\/\/www.r2cpress.com.br\/v1\/wp-content\/uploads\/Figura5.jpg 424w\" sizes=\"(max-width: 300px) 100vw, 300px\" \/><\/a><\/center><\/p>\n<p>O arroz vermelho foi introduzido no Brasil pelos portugueses no s\u00e9culo XVI, na ent\u00e3o Capitania de <strong>Ilh\u00e9us<\/strong>, atualmente Estado da Bahia. Ali ele n\u00e3o chegou a prosperar, mas teve grande aceita\u00e7\u00e3o no Maranh\u00e3o nos dois s\u00e9culos seguintes.<\/p>\n<p><center><a href=\"http:\/\/www.r2cpress.com.br\/v1\/wp-content\/uploads\/Figura6.jpg\"><img loading=\"lazy\" class=\"aligncenter size-medium wp-image-16051\" title=\"Figura6\" src=\"http:\/\/www.r2cpress.com.br\/v1\/wp-content\/uploads\/Figura6-300x124.jpg\" alt=\"\" width=\"300\" height=\"124\" srcset=\"https:\/\/www.r2cpress.com.br\/v1\/wp-content\/uploads\/Figura6-300x124.jpg 300w, https:\/\/www.r2cpress.com.br\/v1\/wp-content\/uploads\/Figura6.jpg 526w\" sizes=\"(max-width: 300px) 100vw, 300px\" \/><\/a><\/center><\/p>\n<p><strong>Link de um v\u00eddeo sobre os diversos tipos de arroz:<\/strong><\/p>\n<p><a href=\"http:\/\/g1.globo.com\/videos\/jornal-hoje\/v\/saiba-quais-as-diferencas-entre-diversos-tipos-de-arroz\/1503401\/\">http:\/\/g1.globo.com\/videos\/jornal-hoje\/v\/saiba-quais-as-diferencas-entre-diversos-tipos-de-arroz\/1503401\/<\/a><\/p>\n<p><strong>&#8212;<\/strong><\/p>\n<p><strong>Fonte:<\/strong> M\u00f3dulo de Cozinha de Vegetais da Universidade Anhembi Morumbi e http:\/\/www.slowfoodbrasil.com\/content\/view\/130\/70\/<\/p>\n<p>&nbsp;<\/p>\n<p>At\u00e9 l\u00e1! Au revoir!<br \/>\n&#8212;<\/p>\n<p><img align = \"left\" src = \"http:\/\/www.r2cpress.com.br\/v1\/wp-content\/uploads\/RC2Press_Aline.jpg\"\/><strong>Aline Fidelman <\/strong><\/p>\n<p>34 anos, Ilh\u00e9us-Ba.<\/p>\n<p>Gastr\u00f4noma diplomada pela Universidade Anhembi Morumbi \u2013 S\u00e3o Paulo<\/p>\n<p>Especializada em doc\u00eancia pela Leiths School of Food &amp; Wine \u2013 Londres<\/p>\n<p>Perfil Profissional: 3 anos de experi\u00eancia de em Buffet e Catering e 6 meses como assistente de chef de cozinha, \u00e1rea de Garde Manger, na empresa KUDOS Hospitality, Londres.<\/p>\n<p><strong>Contato: fidelman.a@gmail.com<\/strong><\/p>\n","protected":false},"excerpt":{"rendered":"<p>O arroz tem uma express\u00e3o forte na gastronomia mundial, sendo ingrediente principal de v\u00e1rios pratos t\u00edpicos de diferentes culturas. Quem nunca ouviu falar ou provou as deliciosas Paellas espanholas ou o Risotto italiano? O arroz de Sushi japon\u00eas ou o Chari\u00ea \u00e1rabe? E quem n\u00e3o aprecia o arroz agulhinha brasileiro de cada dia? O arroz [&hellip;]<\/p>\n","protected":false},"author":2,"featured_media":0,"comment_status":"open","ping_status":"open","sticky":false,"template":"","format":"standard","meta":{"_links_to":"","_links_to_target":""},"categories":[30],"tags":[],"_links":{"self":[{"href":"https:\/\/www.r2cpress.com.br\/v1\/wp-json\/wp\/v2\/posts\/16043"}],"collection":[{"href":"https:\/\/www.r2cpress.com.br\/v1\/wp-json\/wp\/v2\/posts"}],"about":[{"href":"https:\/\/www.r2cpress.com.br\/v1\/wp-json\/wp\/v2\/types\/post"}],"author":[{"embeddable":true,"href":"https:\/\/www.r2cpress.com.br\/v1\/wp-json\/wp\/v2\/users\/2"}],"replies":[{"embeddable":true,"href":"https:\/\/www.r2cpress.com.br\/v1\/wp-json\/wp\/v2\/comments?post=16043"}],"version-history":[{"count":10,"href":"https:\/\/www.r2cpress.com.br\/v1\/wp-json\/wp\/v2\/posts\/16043\/revisions"}],"predecessor-version":[{"id":16059,"href":"https:\/\/www.r2cpress.com.br\/v1\/wp-json\/wp\/v2\/posts\/16043\/revisions\/16059"}],"wp:attachment":[{"href":"https:\/\/www.r2cpress.com.br\/v1\/wp-json\/wp\/v2\/media?parent=16043"}],"wp:term":[{"taxonomy":"category","embeddable":true,"href":"https:\/\/www.r2cpress.com.br\/v1\/wp-json\/wp\/v2\/categories?post=16043"},{"taxonomy":"post_tag","embeddable":true,"href":"https:\/\/www.r2cpress.com.br\/v1\/wp-json\/wp\/v2\/tags?post=16043"}],"curies":[{"name":"wp","href":"https:\/\/api.w.org\/{rel}","templated":true}]}}