{"id":16061,"date":"2011-05-25T08:45:47","date_gmt":"2011-05-25T11:45:47","guid":{"rendered":"http:\/\/www.r2cpress.com.br\/v1\/?p=16061"},"modified":"2011-05-25T09:22:12","modified_gmt":"2011-05-25T12:22:12","slug":"morre-marcio-veloso","status":"publish","type":"post","link":"https:\/\/www.r2cpress.com.br\/v1\/2011\/05\/25\/morre-marcio-veloso\/","title":{"rendered":"Morre Marcio Veloso"},"content":{"rendered":"<p>Chegaram informa\u00e7\u00f5es desencontradas porque at\u00e9 agora n\u00e3o se sabe se foi <strong>suic\u00eddio ou homic\u00eddio<\/strong>. As informa\u00e7\u00f5es mais repetidas dizem de suic\u00eddio. Esperam a resposta da pol\u00edcia t\u00e9cnica. Bombeiros e peritos j\u00e1 est\u00e3o na residencia do jovem advogado.<br \/>\n<strong>Informa\u00e7\u00f5es detalhadas est\u00e3o sendo buscadas.<\/strong><br \/>\nMarcio Veloso \u00e9 filho do advogado criminalista Raymundo Veloso.<br \/>\n<center><div id=\"attachment_16068\" style=\"width: 302px\" class=\"wp-caption alignnone\"><a href=\"http:\/\/www.r2cpress.com.br\/v1\/wp-content\/uploads\/marcio-e-veloso-evento.jpg\"><img aria-describedby=\"caption-attachment-16068\" loading=\"lazy\" src=\"http:\/\/www.r2cpress.com.br\/v1\/wp-content\/uploads\/marcio-e-veloso-evento.jpg\" alt=\"\" title=\"marcio e veloso evento\" width=\"292\" height=\"292\" class=\"size-full wp-image-16068\" srcset=\"https:\/\/www.r2cpress.com.br\/v1\/wp-content\/uploads\/marcio-e-veloso-evento.jpg 292w, https:\/\/www.r2cpress.com.br\/v1\/wp-content\/uploads\/marcio-e-veloso-evento-150x150.jpg 150w\" sizes=\"(max-width: 292px) 100vw, 292px\" \/><\/a><p id=\"caption-attachment-16068\" class=\"wp-caption-text\">Marcio abra\u00e7ando o pai Raymundo Veloso<\/p><\/div><\/center><\/p>\n<p>&#8212;<br \/>\nUma pessoa que est\u00e1 trabalhando na resid\u00eancia de Marcio Veloso e que pediu para n\u00e3o ser identificado disse que houve, por parte de Marcio,  ingest\u00e3o de grande quantidade de medicamentos durante a noite. Ouviu dizer, de um familiar, que j\u00e1 tem um bom tempo que o jovem advogado apresentava quadro de depress\u00e3o avan\u00e7ado o que, muito provavelmente, culminou com o suic\u00eddio. Essa fonte diz que somente o laudo pericial vai afirmar\/dizer, com absoluta certeza, a causa mortis.<br \/>\n&#8212;<\/p>\n","protected":false},"excerpt":{"rendered":"<p>Chegaram informa\u00e7\u00f5es desencontradas porque at\u00e9 agora n\u00e3o se sabe se foi suic\u00eddio ou homic\u00eddio. As informa\u00e7\u00f5es mais repetidas dizem de suic\u00eddio. Esperam a resposta da pol\u00edcia t\u00e9cnica. Bombeiros e peritos j\u00e1 est\u00e3o na residencia do jovem advogado. Informa\u00e7\u00f5es detalhadas est\u00e3o sendo buscadas. Marcio Veloso \u00e9 filho do advogado criminalista Raymundo Veloso. &#8212; Uma pessoa que [&hellip;]<\/p>\n","protected":false},"author":2,"featured_media":0,"comment_status":"open","ping_status":"open","sticky":false,"template":"","format":"standard","meta":{"_links_to":"","_links_to_target":""},"categories":[21],"tags":[],"_links":{"self":[{"href":"https:\/\/www.r2cpress.com.br\/v1\/wp-json\/wp\/v2\/posts\/16061"}],"collection":[{"href":"https:\/\/www.r2cpress.com.br\/v1\/wp-json\/wp\/v2\/posts"}],"about":[{"href":"https:\/\/www.r2cpress.com.br\/v1\/wp-json\/wp\/v2\/types\/post"}],"author":[{"embeddable":true,"href":"https:\/\/www.r2cpress.com.br\/v1\/wp-json\/wp\/v2\/users\/2"}],"replies":[{"embeddable":true,"href":"https:\/\/www.r2cpress.com.br\/v1\/wp-json\/wp\/v2\/comments?post=16061"}],"version-history":[{"count":7,"href":"https:\/\/www.r2cpress.com.br\/v1\/wp-json\/wp\/v2\/posts\/16061\/revisions"}],"predecessor-version":[{"id":16066,"href":"https:\/\/www.r2cpress.com.br\/v1\/wp-json\/wp\/v2\/posts\/16061\/revisions\/16066"}],"wp:attachment":[{"href":"https:\/\/www.r2cpress.com.br\/v1\/wp-json\/wp\/v2\/media?parent=16061"}],"wp:term":[{"taxonomy":"category","embeddable":true,"href":"https:\/\/www.r2cpress.com.br\/v1\/wp-json\/wp\/v2\/categories?post=16061"},{"taxonomy":"post_tag","embeddable":true,"href":"https:\/\/www.r2cpress.com.br\/v1\/wp-json\/wp\/v2\/tags?post=16061"}],"curies":[{"name":"wp","href":"https:\/\/api.w.org\/{rel}","templated":true}]}}