{"id":16070,"date":"2011-05-25T09:35:10","date_gmt":"2011-05-25T12:35:10","guid":{"rendered":"http:\/\/www.r2cpress.com.br\/v1\/?p=16070"},"modified":"2011-05-25T09:35:10","modified_gmt":"2011-05-25T12:35:10","slug":"heckel-januario-em-e-isso-ai","status":"publish","type":"post","link":"https:\/\/www.r2cpress.com.br\/v1\/2011\/05\/25\/heckel-januario-em-e-isso-ai\/","title":{"rendered":"Heckel Janu\u00e1rio em: \u00c9 ISSO A\u00cd"},"content":{"rendered":"<p><img align = \"left\" src = \"http:\/\/www.r2cpress.com.br\/v1\/wp-content\/uploads\/HECKEL-NOVA.jpg\"\/>O fato da distribui\u00e7\u00e3o pelo MEC \u2013atrav\u00e9s do Programa Nacional do Livro Did\u00e1tico para a Educa\u00e7\u00e3o de Jovens e Adultos\u2013 do livro did\u00e1tico \u201cPor uma vida melhor\u201d a mais de quatro mil escolas p\u00fablicas em todo o pa\u00eds causou e est\u00e1 causando a maior pol\u00eamica. <\/p>\n<p>\tOs protetores de um lado da moeda concluem que o livro \u00e9 uma verdadeira deseduca\u00e7\u00e3o por ensinar ao aluno a falar e escrever a l\u00edngua portuguesa errada. A prop\u00f3sito li num desses empolgados artigos que express\u00f5es \u2013no sentido de censura\u2013 de uso popular do tipo \u201cn\u00f3s vai&#8230;\u201d e \u201cos livros est\u00e1&#8230;\u201d n\u00e3o mais ser\u00e3o considerados erros de concord\u00e2ncia. Outro, alfinetando mais, salienta que um dos autores, a professora Heloisa Ramos, \u201c\u00e9 s\u00f3 instrumento da pol\u00edtica educacional do governo petista e est\u00e1 sendo paga para fazer seu papel\u201d.<\/p>\n<p><!--more--><\/p>\n<p>Tais argumentos, como eu estava com o esp\u00edrito armado at\u00e9 os dentes, foram pra mim convincentes, me induzindo inclusive a ir de encontro a minha mania de escrevinhar, \u00f3bvio motivo de estar aqui metendo o bedelho numa seara de linguistas e gram\u00e1ticos. \u201cN\u00e3o \u00f3 escrevinhador, bastam os seus erros crassos!\u201d, confabulei comigo. Realmente estive a beira de me precipitar, por\u00e9m em tempo desarmei o esp\u00edrito e, me tornando conhecedor do contradit\u00f3rio, ou seja, das raz\u00f5es e explica\u00e7\u00f5es dos defensores do outro lado da moeda, mudei o conceito inicial. Argumentadas defesas como a de que a parcela da nossa sociedade, dita inculta, n\u00e3o pode ser tratada \u201ccomo se esta fosse animais desprovidos de meios sistem\u00e1ticos de comunicar ideias ou sentimentos\u201d, me flu\u00edram como um raio de convencimento, raio este multiplicado ao sabor de que os que execram o livro, mal, mal leram as primeiras p\u00e1ginas, n\u00e3o chegando perto do cap\u00edtulo que recomenda ao estudante \u201c&#8230;a leitura e discuss\u00e3o de obras de autores como Cervante, Machado de Assis e Clarice Lispector e ensina o modo de leitura, produ\u00e7\u00e3o e revis\u00e3o de textos&#8230;\u201d, portanto n\u00e3o desprezando a norma culta, como fora insinuado.  <\/p>\n<p>Ademais, como \u00e9 sabido que uma l\u00edngua \u00e9 criada pelo povo e sendo assim se transforma, e que todo erro surgido \u00e9 adiante aceito como verdade pelos gram\u00e1ticos, bem como se tem como concreto que linguagem \u00e9 comunica\u00e7\u00e3o, n\u00e3o me restou nenhuma d\u00favida em bater o martelo. Ora, se a op\u00e7\u00e3o fosse a inicial, como ficaria a rela\u00e7\u00e3o com o Baian\u00eas, varia\u00e7\u00e3o lingu\u00edstica e consagrada comunica\u00e7\u00e3o do baiano? Aqui na Bahia \u00e9 ou n\u00e3o \u00e9 verdadeiro que motorista de t\u00e1xi \u00e9 \u201ctaquiceiro\u201d para milh\u00f5es de pessoas?<\/p>\n<p>Minha intromiss\u00e3o chegando ao fim, revelo ainda ter me alvejado na revers\u00e3o da posi\u00e7\u00e3o frente \u00e0 celeuma, o esclarecedor artigo \u201cPol\u00eamica ou Ignor\u00e2ncia?\u201d do linguista e escritor Marcos Bagno, me chamando a aten\u00e7\u00e3o um trecho em que cita haver ouvido da boca de Carlos Monforte, peso-pesado da GloboNews, a interroga\u00e7\u00e3o \u201cComo \u00e9 que fica ent\u00e3o as concord\u00e2ncias?\u201d; e o Bagno: \u201cE as concord\u00e2ncias, como \u00e9 que ficam ent\u00e3o?\u201d. Captou a sutil ironia? Bom, deixando na surdina os escorregos de quem n\u00e3o possui muito o direito de escorregar, de lembran\u00e7a n\u00e3o poderia deixar de colocar no meio da discuss\u00e3o o fabuloso compositor paulista Adoriran Barbosa. Lembra de suas bonitas, cheias de humor e sobretudo comunicativas \u2013e claro, eternas! \u2013 composi\u00e7\u00f5es, embora as letras fossem bem distantes da norma culta? \u00c9 isso a\u00ed.<\/p>\n<p>&#8212;<br \/>\nHeckel Janu\u00e1rio<\/p>\n","protected":false},"excerpt":{"rendered":"<p>O fato da distribui\u00e7\u00e3o pelo MEC \u2013atrav\u00e9s do Programa Nacional do Livro Did\u00e1tico para a Educa\u00e7\u00e3o de Jovens e Adultos\u2013 do livro did\u00e1tico \u201cPor uma vida melhor\u201d a mais de quatro mil escolas p\u00fablicas em todo o pa\u00eds causou e est\u00e1 causando a maior pol\u00eamica. Os protetores de um lado da moeda concluem que o [&hellip;]<\/p>\n","protected":false},"author":2,"featured_media":0,"comment_status":"open","ping_status":"open","sticky":false,"template":"","format":"standard","meta":{"_links_to":"","_links_to_target":""},"categories":[10],"tags":[],"_links":{"self":[{"href":"https:\/\/www.r2cpress.com.br\/v1\/wp-json\/wp\/v2\/posts\/16070"}],"collection":[{"href":"https:\/\/www.r2cpress.com.br\/v1\/wp-json\/wp\/v2\/posts"}],"about":[{"href":"https:\/\/www.r2cpress.com.br\/v1\/wp-json\/wp\/v2\/types\/post"}],"author":[{"embeddable":true,"href":"https:\/\/www.r2cpress.com.br\/v1\/wp-json\/wp\/v2\/users\/2"}],"replies":[{"embeddable":true,"href":"https:\/\/www.r2cpress.com.br\/v1\/wp-json\/wp\/v2\/comments?post=16070"}],"version-history":[{"count":2,"href":"https:\/\/www.r2cpress.com.br\/v1\/wp-json\/wp\/v2\/posts\/16070\/revisions"}],"predecessor-version":[{"id":16072,"href":"https:\/\/www.r2cpress.com.br\/v1\/wp-json\/wp\/v2\/posts\/16070\/revisions\/16072"}],"wp:attachment":[{"href":"https:\/\/www.r2cpress.com.br\/v1\/wp-json\/wp\/v2\/media?parent=16070"}],"wp:term":[{"taxonomy":"category","embeddable":true,"href":"https:\/\/www.r2cpress.com.br\/v1\/wp-json\/wp\/v2\/categories?post=16070"},{"taxonomy":"post_tag","embeddable":true,"href":"https:\/\/www.r2cpress.com.br\/v1\/wp-json\/wp\/v2\/tags?post=16070"}],"curies":[{"name":"wp","href":"https:\/\/api.w.org\/{rel}","templated":true}]}}