{"id":16123,"date":"2011-05-26T09:36:10","date_gmt":"2011-05-26T12:36:10","guid":{"rendered":"http:\/\/www.r2cpress.com.br\/v1\/?p=16123"},"modified":"2011-05-26T09:36:10","modified_gmt":"2011-05-26T12:36:10","slug":"policia-militar","status":"publish","type":"post","link":"https:\/\/www.r2cpress.com.br\/v1\/2011\/05\/26\/policia-militar\/","title":{"rendered":"Policia Militar"},"content":{"rendered":"<p>De: Gustavo Correia <gustadocorrea @hotmail.com><br \/>\nAssunto: <strong>POlicia Militar<\/strong><\/p>\n<p>Corpo da mensagem:<br \/>\nVenho atravez desse blog denunciar a situa\u00e7\u00e3o que se passa atualmente na 68\u00aa CIPM \u2013 Ilh\u00e9us, em rela\u00e7\u00e3o aos equipamentos de prote\u00e7\u00e3o individual. L\u00e1, os coletes bal\u00edsticos est\u00e3o todos velhos e j\u00e1 sem data de validade, \u00e9 uma vergonha. N\u00e3o existe um s\u00f3 colete, dos policiais que fazem policiamento a p\u00e9, que est\u00e3o conforme a lei. V\u00e1rios s\u00e3o os coletes vencidos, outros nem data tem, e alguns j\u00e1 est\u00e3o com suas fibras desfiadas e foram COSTURADOS com linha de costureira pelos policiais. Uma boa parte dos coletes pertencia ao antigo PELOPES na \u00e9poca do segundo batalh\u00e3o. Est\u00e3o todos ainda sendo usados na \u00e1rea.<br \/>\nNenhum desses policiais vistos na rua no servi\u00e7o a p\u00e9 tem colete dentro do prazo de validade e, a maioria ainda usa colete maior do que o pr\u00f3prio corpo, tendo que dobrar o colete nas laterais, para caber dentro da capa, que s\u00e3o todas compradas pelos pr\u00f3prios policiais.<br \/>\nAl\u00e9m disse, \u00e9 uma falta de higiene sem tamanho, por que os mesmos coletes que s\u00e3o usados pelos policiais pela manha, s\u00e3o usados pela tarde e tamb\u00e9m \u00e0 noite, tendo o policial que utilizar o colete logo ap\u00f3s que o outro ainda retira do pr\u00f3prio corpo, quente e \u00famido de suor.<br \/>\nA 68\u00aa CIPM est\u00e1 obrigando seus policiais a se tornarem homens sem higiene, muitos at\u00e9 preferem sair pra trabalhar sem o colete pra n ter que usar um molhado de suor.<br \/>\nUma vergonha!<\/p>\n<p>&#8212;<br \/>\nEsta mensagem foi enviada atrav\u00e9s do formul\u00e1rio de contato do site R2CPRESS | A Letra Fria da Verdade http:\/\/www.r2cpress.com.br\/v1<br \/>\n<\/gustadocorrea><\/p>\n","protected":false},"excerpt":{"rendered":"<p>De: Gustavo Correia Assunto: POlicia Militar Corpo da mensagem: Venho atravez desse blog denunciar a situa\u00e7\u00e3o que se passa atualmente na 68\u00aa CIPM \u2013 Ilh\u00e9us, em rela\u00e7\u00e3o aos equipamentos de prote\u00e7\u00e3o individual. L\u00e1, os coletes bal\u00edsticos est\u00e3o todos velhos e j\u00e1 sem data de validade, \u00e9 uma vergonha. N\u00e3o existe um s\u00f3 colete, dos policiais [&hellip;]<\/p>\n","protected":false},"author":2,"featured_media":0,"comment_status":"open","ping_status":"open","sticky":false,"template":"","format":"standard","meta":{"_links_to":"","_links_to_target":""},"categories":[10],"tags":[],"_links":{"self":[{"href":"https:\/\/www.r2cpress.com.br\/v1\/wp-json\/wp\/v2\/posts\/16123"}],"collection":[{"href":"https:\/\/www.r2cpress.com.br\/v1\/wp-json\/wp\/v2\/posts"}],"about":[{"href":"https:\/\/www.r2cpress.com.br\/v1\/wp-json\/wp\/v2\/types\/post"}],"author":[{"embeddable":true,"href":"https:\/\/www.r2cpress.com.br\/v1\/wp-json\/wp\/v2\/users\/2"}],"replies":[{"embeddable":true,"href":"https:\/\/www.r2cpress.com.br\/v1\/wp-json\/wp\/v2\/comments?post=16123"}],"version-history":[{"count":2,"href":"https:\/\/www.r2cpress.com.br\/v1\/wp-json\/wp\/v2\/posts\/16123\/revisions"}],"predecessor-version":[{"id":16125,"href":"https:\/\/www.r2cpress.com.br\/v1\/wp-json\/wp\/v2\/posts\/16123\/revisions\/16125"}],"wp:attachment":[{"href":"https:\/\/www.r2cpress.com.br\/v1\/wp-json\/wp\/v2\/media?parent=16123"}],"wp:term":[{"taxonomy":"category","embeddable":true,"href":"https:\/\/www.r2cpress.com.br\/v1\/wp-json\/wp\/v2\/categories?post=16123"},{"taxonomy":"post_tag","embeddable":true,"href":"https:\/\/www.r2cpress.com.br\/v1\/wp-json\/wp\/v2\/tags?post=16123"}],"curies":[{"name":"wp","href":"https:\/\/api.w.org\/{rel}","templated":true}]}}