{"id":16126,"date":"2011-05-26T10:13:46","date_gmt":"2011-05-26T13:13:46","guid":{"rendered":"http:\/\/www.r2cpress.com.br\/v1\/?p=16126"},"modified":"2011-05-26T10:34:24","modified_gmt":"2011-05-26T13:34:24","slug":"eu-tenho-chance-de-desenvolver-glaucoma","status":"publish","type":"post","link":"https:\/\/www.r2cpress.com.br\/v1\/2011\/05\/26\/eu-tenho-chance-de-desenvolver-glaucoma\/","title":{"rendered":"Eu tenho chance de desenvolver Glaucoma?"},"content":{"rendered":"<p>De: antoniooftalmo@hotmail.com <antoniooftalmo @hotmail.com><br \/>\nAssunto: dia do combate ao glaucoma<\/p>\n<p>Corpo da mensagem:<\/p>\n<p><strong>26 de Maio-Dia Nacional de Combate ao Glaucoma<\/strong><\/p>\n<p><em><strong>Eu tenho chance de desenvolver Glaucoma?<\/strong><\/em><\/p>\n<p>O Glaucoma \u00e9 uma doen\u00e7a cr\u00f4nica e silenciosa, ou seja, os sintomas do glaucoma s\u00e3o poucos e inespec\u00edficos e algumas pessoas podem ter glaucoma e n\u00e3o saber.<br \/>\nFrente a essa quest\u00e3o \u00e9 importante que o m\u00e9dico oftalmologista sempre pesquise a exist\u00eancia do Glaucoma e procure por seus sintomas.<br \/>\nEu tenho chance de desenvolver Glaucoma? Essa \u00e9 uma pergunta que muitas pessoas se fazem em algum momento da vida e que o seu m\u00e9dico deve fazer quando estiver te examinando. Para responder a ela precisamos analisar os fatores de risco para o glaucoma.<\/p>\n<p><strong>Press\u00e3o Ocular<\/strong>: \u00c9 sem d\u00favida o principal fator de risco relacionado ao glaucoma. Press\u00f5es oculares de at\u00e9 21 mmHg s\u00e3o consideradas normais. Entre 21 e 24 s\u00e3o altamente suspeitas de glaucoma. E acima de 24mmHg o diagn\u00f3stico de glaucoma \u00e9 quase certo. A press\u00e3o ocular varia ao longo do dia em torno de 5 mmHg, sendo que os n\u00edveis mais altos s\u00e3o observados durante a manh\u00e3, entre 6 e 11 horas, e os n\u00edveis mais baixos durante a madrugada, entre 0 e 3 horas. Geralmente, as medidas da press\u00e3o ocular s\u00e3o semelhantes em ambos os olhos, e quando a diferen\u00e7a entre os dois olhos \u00e9 maior que 4 mmHg deve-se investigar.<\/p>\n<p><!--more--><\/p>\n<p><strong>Ra\u00e7a Negra<\/strong>: Estudos populacionais mostram que o glaucoma \u00e9 mais comum de ocorrer em negros. Os negros tamb\u00e9m costumam ter um glaucoma de tratamento mais dif\u00edcil.<\/p>\n<p><strong>Hist\u00f3ria Familiar<\/strong>: Pessoas que tem parentes de primeiro grau com glaucoma tem 6 vezes mais chance de desenvolver glaucoma do que pessoas sem esse hist\u00f3rico.<\/p>\n<p><strong>Espessura da C\u00f3rnea<\/strong>: Pacientes com c\u00f3rnea fina tem uma maior chance de ter glaucoma. Quando a c\u00f3rnea \u00e9 fina, a press\u00e3o medida pelo aparelho parece ser menor do que realmente \u00e9. Isso pode fazer com que o m\u00e9dico n\u00e3o se preocupe com aquela press\u00e3o &#8220;baixa&#8221;, quando na verdade ela est\u00e1 alta. O raciocinio inverso tamb\u00e9m vale, isto \u00e9, c\u00f3rneas espessas representam um risco menor de glaucoma.<\/p>\n<p><strong>Diabetes<\/strong>: Ainda n\u00e3o foi bem definido se os paciente diab\u00e9ticos tem maior chance de ter glaucoma mas pode ser que sim.<\/p>\n<p><strong>Idade<\/strong>: O glaucoma \u00e9 uma doen\u00e7a mais comum em pacientes idosos. Claro que tamb\u00e9m ocorre em crian\u00e7as rec\u00e9m nascidas (glaucoma cong\u00eanito) e em crian\u00e7as ou adolescentes (glaucom juvenil) mas \u00e9 mais comum em pacientes acima dos 60 anos.<\/p>\n<p>&#8212;<br \/>\nDr. Ant\u00f4nio Nogueira , oftalmologista<br \/>\nSubespecialista em catarata e glaucoma pela Santa Casa de Miseric\u00f3rdia de Belo Horizonte<br \/>\nAtende no CENOE-Centro de Olhos Especializado<\/p>\n<p>&#8212;<br \/>\nEsta mensagem foi enviada atrav\u00e9s do formul\u00e1rio de contato do site R2CPRESS | A Letra Fria da Verdade http:\/\/www.r2cpress.com.br\/v1<br \/>\n<\/antoniooftalmo><\/p>\n","protected":false},"excerpt":{"rendered":"<p>De: antoniooftalmo@hotmail.com Assunto: dia do combate ao glaucoma Corpo da mensagem: 26 de Maio-Dia Nacional de Combate ao Glaucoma Eu tenho chance de desenvolver Glaucoma? O Glaucoma \u00e9 uma doen\u00e7a cr\u00f4nica e silenciosa, ou seja, os sintomas do glaucoma s\u00e3o poucos e inespec\u00edficos e algumas pessoas podem ter glaucoma e n\u00e3o saber. Frente a essa [&hellip;]<\/p>\n","protected":false},"author":2,"featured_media":0,"comment_status":"open","ping_status":"open","sticky":false,"template":"","format":"standard","meta":{"_links_to":"","_links_to_target":""},"categories":[24],"tags":[],"_links":{"self":[{"href":"https:\/\/www.r2cpress.com.br\/v1\/wp-json\/wp\/v2\/posts\/16126"}],"collection":[{"href":"https:\/\/www.r2cpress.com.br\/v1\/wp-json\/wp\/v2\/posts"}],"about":[{"href":"https:\/\/www.r2cpress.com.br\/v1\/wp-json\/wp\/v2\/types\/post"}],"author":[{"embeddable":true,"href":"https:\/\/www.r2cpress.com.br\/v1\/wp-json\/wp\/v2\/users\/2"}],"replies":[{"embeddable":true,"href":"https:\/\/www.r2cpress.com.br\/v1\/wp-json\/wp\/v2\/comments?post=16126"}],"version-history":[{"count":4,"href":"https:\/\/www.r2cpress.com.br\/v1\/wp-json\/wp\/v2\/posts\/16126\/revisions"}],"predecessor-version":[{"id":16130,"href":"https:\/\/www.r2cpress.com.br\/v1\/wp-json\/wp\/v2\/posts\/16126\/revisions\/16130"}],"wp:attachment":[{"href":"https:\/\/www.r2cpress.com.br\/v1\/wp-json\/wp\/v2\/media?parent=16126"}],"wp:term":[{"taxonomy":"category","embeddable":true,"href":"https:\/\/www.r2cpress.com.br\/v1\/wp-json\/wp\/v2\/categories?post=16126"},{"taxonomy":"post_tag","embeddable":true,"href":"https:\/\/www.r2cpress.com.br\/v1\/wp-json\/wp\/v2\/tags?post=16126"}],"curies":[{"name":"wp","href":"https:\/\/api.w.org\/{rel}","templated":true}]}}