{"id":16133,"date":"2011-05-26T11:17:51","date_gmt":"2011-05-26T14:17:51","guid":{"rendered":"http:\/\/www.r2cpress.com.br\/v1\/?p=16133"},"modified":"2011-05-26T11:17:51","modified_gmt":"2011-05-26T14:17:51","slug":"agradecimento-e-convite-para-a-missa-de-odete-fonseca-detinha","status":"publish","type":"post","link":"https:\/\/www.r2cpress.com.br\/v1\/2011\/05\/26\/agradecimento-e-convite-para-a-missa-de-odete-fonseca-detinha\/","title":{"rendered":"Agradecimento e convite para a missa de ODETE FONS\u00caCA (Detinha)"},"content":{"rendered":"<p>De: Ana Virg\u00ednia Santiago <avsantiago @uol.com.br><br \/>\nAssunto: <strong>Agradecimento e convite para a missa de ODETE FONS\u00caCA ( Detinha)<\/strong><\/p>\n<p>Corpo da mensagem:<\/p>\n<p>N\u00f3s, fam\u00edlia de ODETE CALASANS DA FONS\u00caCA (Detinha), agradecemos \u00e0s manifesta\u00e7\u00f5es de amizade e carinho  dedicados  aos nossos sentimentos de perda e  saudade no \u00faltimo s\u00e1bado( 21) e convidamos voc\u00eas para louvarmos e agradecermos a vida dela em nosso conv\u00edvio.<\/p>\n<p>Data: 27 de maio de 2011 (sexta-feira).<br \/>\nLocal: Igreja Nossa Senhora da Piedade<br \/>\nHora: 18h30<\/p>\n<p>&#8212;<br \/>\nEsta mensagem foi enviada atrav\u00e9s do formul\u00e1rio de contato do site R2CPRESS | A Letra Fria da Verdade http:\/\/www.r2cpress.com.br\/v1<\/avsantiago><\/p>\n","protected":false},"excerpt":{"rendered":"<p>De: Ana Virg\u00ednia Santiago Assunto: Agradecimento e convite para a missa de ODETE FONS\u00caCA ( Detinha) Corpo da mensagem: N\u00f3s, fam\u00edlia de ODETE CALASANS DA FONS\u00caCA (Detinha), agradecemos \u00e0s manifesta\u00e7\u00f5es de amizade e carinho dedicados aos nossos sentimentos de perda e saudade no \u00faltimo s\u00e1bado( 21) e convidamos voc\u00eas para louvarmos e agradecermos a vida [&hellip;]<\/p>\n","protected":false},"author":2,"featured_media":0,"comment_status":"open","ping_status":"open","sticky":false,"template":"","format":"standard","meta":{"_links_to":"","_links_to_target":""},"categories":[10],"tags":[],"_links":{"self":[{"href":"https:\/\/www.r2cpress.com.br\/v1\/wp-json\/wp\/v2\/posts\/16133"}],"collection":[{"href":"https:\/\/www.r2cpress.com.br\/v1\/wp-json\/wp\/v2\/posts"}],"about":[{"href":"https:\/\/www.r2cpress.com.br\/v1\/wp-json\/wp\/v2\/types\/post"}],"author":[{"embeddable":true,"href":"https:\/\/www.r2cpress.com.br\/v1\/wp-json\/wp\/v2\/users\/2"}],"replies":[{"embeddable":true,"href":"https:\/\/www.r2cpress.com.br\/v1\/wp-json\/wp\/v2\/comments?post=16133"}],"version-history":[{"count":2,"href":"https:\/\/www.r2cpress.com.br\/v1\/wp-json\/wp\/v2\/posts\/16133\/revisions"}],"predecessor-version":[{"id":16135,"href":"https:\/\/www.r2cpress.com.br\/v1\/wp-json\/wp\/v2\/posts\/16133\/revisions\/16135"}],"wp:attachment":[{"href":"https:\/\/www.r2cpress.com.br\/v1\/wp-json\/wp\/v2\/media?parent=16133"}],"wp:term":[{"taxonomy":"category","embeddable":true,"href":"https:\/\/www.r2cpress.com.br\/v1\/wp-json\/wp\/v2\/categories?post=16133"},{"taxonomy":"post_tag","embeddable":true,"href":"https:\/\/www.r2cpress.com.br\/v1\/wp-json\/wp\/v2\/tags?post=16133"}],"curies":[{"name":"wp","href":"https:\/\/api.w.org\/{rel}","templated":true}]}}