{"id":16139,"date":"2011-05-26T12:11:52","date_gmt":"2011-05-26T15:11:52","guid":{"rendered":"http:\/\/www.r2cpress.com.br\/v1\/?p=16139"},"modified":"2011-05-26T12:11:52","modified_gmt":"2011-05-26T15:11:52","slug":"deputada-aplaude-idealizacao-do-programa-pacto-pela-vida","status":"publish","type":"post","link":"https:\/\/www.r2cpress.com.br\/v1\/2011\/05\/26\/deputada-aplaude-idealizacao-do-programa-pacto-pela-vida\/","title":{"rendered":"Deputada aplaude idealiza\u00e7\u00e3o do programa Pacto pela Vida"},"content":{"rendered":"<p><div id=\"attachment_16140\" style=\"width: 310px\" class=\"wp-caption alignright\"><a href=\"http:\/\/www.r2cpress.com.br\/v1\/wp-content\/uploads\/Sec.-da-Segurana-Pblica-Maurcio-Barbosa-e-Dep.-ngela-Sousa.jpg\"><img aria-describedby=\"caption-attachment-16140\" loading=\"lazy\" src=\"http:\/\/www.r2cpress.com.br\/v1\/wp-content\/uploads\/Sec.-da-Segurana-Pblica-Maurcio-Barbosa-e-Dep.-ngela-Sousa-300x225.jpg\" alt=\"\" title=\"Sec. da Segurana Pblica, Maurcio Barbosa e Dep. ngela Sousa\" width=\"300\" height=\"225\" class=\"size-medium wp-image-16140\" srcset=\"https:\/\/www.r2cpress.com.br\/v1\/wp-content\/uploads\/Sec.-da-Segurana-Pblica-Maurcio-Barbosa-e-Dep.-ngela-Sousa-300x225.jpg 300w, https:\/\/www.r2cpress.com.br\/v1\/wp-content\/uploads\/Sec.-da-Segurana-Pblica-Maurcio-Barbosa-e-Dep.-ngela-Sousa.jpg 680w\" sizes=\"(max-width: 300px) 100vw, 300px\" \/><\/a><p id=\"caption-attachment-16140\" class=\"wp-caption-text\">Sec. da Segurana P\u00fablica, Maurcio Barbosa e Dep. \u00c2ngela Sousa<\/p><\/div>O governador da Bahia, Jaques Wagner, lan\u00e7ar\u00e1 no pr\u00f3ximo dia 6, no Centro de Conven\u00e7\u00f5es de Salvador, o programa Pacto Pela Vida. Trata-se de um conjunto de a\u00e7\u00f5es com o objetivo de reduzir os \u00edndices de viol\u00eancia e criminalidade no Estado, envolvendo pol\u00edcia, judici\u00e1rio, governos e comunidade.<\/p>\n<p>A proposta foi apresentada nesta semana, a membros da Assembleia Legislativa, pelos secret\u00e1rios Maur\u00edcio Barbosa (Seguran\u00e7a P\u00fablica) e Robinson Almeida (Comunica\u00e7\u00e3o), que ressaltaram a meta de, no m\u00e9dio prazo, reduzir em 12% os n\u00fameros relacionados \u00e0 criminalidade. Segundo Barbosa, o modelo de controle \u00e9 inspirado em programas j\u00e1 realizados com sucesso em outros estados.<\/p>\n<p><!--more--><\/p>\n<p>Para a deputada \u00c2ngela Sousa, \u201ca proposta chega num momento em que o povo baiano clama por mais seguran\u00e7a\u201d. Ela aplaudiu a iniciativa do governo e salientou a necessidade de se fortalecer a preven\u00e7\u00e3o \u00e0 viol\u00eancia tamb\u00e9m nas cidades de m\u00e9dio porte, como \u00e9 o caso de Itabuna e Ilh\u00e9us. A parlamentar ressaltou ainda a rela\u00e7\u00e3o existente entre o tr\u00e1fico de drogas e a maioria dos homic\u00eddios registrados nos munic\u00edpios baianos.<\/p>\n<p>N\u00fameros da Secretaria da Seguran\u00e7a P\u00fablica, divulgados durante a apresenta\u00e7\u00e3o do Pacto Pela Vida aos deputados, revelam que 80% dos crimes violentos se concentram em 20 cidades do Estado. \u201cA partir de dados como esse, \u00e9 importante que a a\u00e7\u00e3o policial possa eleger prioridades e restituir a paz aos cidad\u00e3os da Bahia\u201d, opina \u00c2ngela Sousa.<\/p>\n<p>&#8212;<br \/>\nAI\/DEP.<\/p>\n","protected":false},"excerpt":{"rendered":"<p>O governador da Bahia, Jaques Wagner, lan\u00e7ar\u00e1 no pr\u00f3ximo dia 6, no Centro de Conven\u00e7\u00f5es de Salvador, o programa Pacto Pela Vida. Trata-se de um conjunto de a\u00e7\u00f5es com o objetivo de reduzir os \u00edndices de viol\u00eancia e criminalidade no Estado, envolvendo pol\u00edcia, judici\u00e1rio, governos e comunidade. A proposta foi apresentada nesta semana, a membros [&hellip;]<\/p>\n","protected":false},"author":2,"featured_media":0,"comment_status":"open","ping_status":"open","sticky":false,"template":"","format":"standard","meta":{"_links_to":"","_links_to_target":""},"categories":[22],"tags":[],"_links":{"self":[{"href":"https:\/\/www.r2cpress.com.br\/v1\/wp-json\/wp\/v2\/posts\/16139"}],"collection":[{"href":"https:\/\/www.r2cpress.com.br\/v1\/wp-json\/wp\/v2\/posts"}],"about":[{"href":"https:\/\/www.r2cpress.com.br\/v1\/wp-json\/wp\/v2\/types\/post"}],"author":[{"embeddable":true,"href":"https:\/\/www.r2cpress.com.br\/v1\/wp-json\/wp\/v2\/users\/2"}],"replies":[{"embeddable":true,"href":"https:\/\/www.r2cpress.com.br\/v1\/wp-json\/wp\/v2\/comments?post=16139"}],"version-history":[{"count":2,"href":"https:\/\/www.r2cpress.com.br\/v1\/wp-json\/wp\/v2\/posts\/16139\/revisions"}],"predecessor-version":[{"id":16142,"href":"https:\/\/www.r2cpress.com.br\/v1\/wp-json\/wp\/v2\/posts\/16139\/revisions\/16142"}],"wp:attachment":[{"href":"https:\/\/www.r2cpress.com.br\/v1\/wp-json\/wp\/v2\/media?parent=16139"}],"wp:term":[{"taxonomy":"category","embeddable":true,"href":"https:\/\/www.r2cpress.com.br\/v1\/wp-json\/wp\/v2\/categories?post=16139"},{"taxonomy":"post_tag","embeddable":true,"href":"https:\/\/www.r2cpress.com.br\/v1\/wp-json\/wp\/v2\/tags?post=16139"}],"curies":[{"name":"wp","href":"https:\/\/api.w.org\/{rel}","templated":true}]}}