{"id":16143,"date":"2011-05-26T12:40:06","date_gmt":"2011-05-26T15:40:06","guid":{"rendered":"http:\/\/www.r2cpress.com.br\/v1\/?p=16143"},"modified":"2011-05-26T12:40:06","modified_gmt":"2011-05-26T15:40:06","slug":"impunidade","status":"publish","type":"post","link":"https:\/\/www.r2cpress.com.br\/v1\/2011\/05\/26\/impunidade\/","title":{"rendered":"IMPUNIDADE"},"content":{"rendered":"<p>De: Rodrigo <rodrigolaguardia @hotmail.com><br \/>\nAssunto: <strong>IMPUNIDADE<\/strong><\/p>\n<p>Corpo da mensagem:<br \/>\nPessoal, no Brasil \u00e9 assim tamb\u00e9m, a IMPUNIDADE n\u00e3o prevalece&#8230; que sirva de exemplo para nosso judici\u00e1rio !<\/p>\n<p>26\/05\/2011 &#8211; 09h19<\/p>\n<p>Brasileiro \u00e9 condenado \u00e0 pris\u00e3o perp\u00e9tua na Su\u00ed\u00e7a por estuprar menina de 4 anos<\/p>\n<p><strong>Do UOL Not\u00edcias*<br \/>\nEm S\u00e3o Paulo<\/strong><\/p>\n<p>Um brasileiro de 30 anos foi condenado \u00e0 pris\u00e3o perp\u00e9tua, na Su\u00ed\u00e7a, por ter estuprado uma menina de quatro anos, em Lucerna, h\u00e1 nove anos. Nesta quinta-feira (26), o Tribunal Federal su\u00ed\u00e7o julgou seu \u00faltimo recurso.<br \/>\nO homem, que na \u00e9poca do crime tinha 21 anos e que n\u00e3o teve o nome divulgado, ia se encontrar com um traficante de coca\u00edna, mas se enganou de apartamento e entrou na porta errada. Ali, encontrou uma mulher de 77 anos com sua neta, de apenas quatro. Ap\u00f3s bater na idosa at\u00e9 deix\u00e1-la inconsciente, o brasileiro agrediu sexualmente a menina. O estuprador foi preso e identificado por meio de um exame de DNA.<br \/>\nNo primeiro julgamento, o brasileiro foi condenado \u00e0 pris\u00e3o perp\u00e9tua, mas, ap\u00f3s a apresenta\u00e7\u00e3o de um recurso, a senten\u00e7a foi anulada e o tribunal do cant\u00e3o de Lucerna o condenou a sete anos de cadeia e o obrigou a passar por um tratamento psicoterapeutico.<br \/>\nNo entanto, ap\u00f3s uma investiga\u00e7\u00e3o m\u00e9dica feita ano passado, que mostrou que o brasileiro n\u00e3o podia ser curado com terapia, o Tribunal Federal voltou atr\u00e1s na decis\u00e3o e voltou a condenar o agressor \u00e0 pris\u00e3o perp\u00e9tua.<\/p>\n<p><strong>*Com informa\u00e7\u00f5es da EFE<\/strong><\/p>\n<p>&#8212;<br \/>\nEsta mensagem foi enviada atrav\u00e9s do formul\u00e1rio de contato do site R2CPRESS | A Letra Fria da Verdade http:\/\/www.r2cpress.com.br\/v1<\/rodrigolaguardia><\/p>\n","protected":false},"excerpt":{"rendered":"<p>De: Rodrigo Assunto: IMPUNIDADE Corpo da mensagem: Pessoal, no Brasil \u00e9 assim tamb\u00e9m, a IMPUNIDADE n\u00e3o prevalece&#8230; que sirva de exemplo para nosso judici\u00e1rio ! 26\/05\/2011 &#8211; 09h19 Brasileiro \u00e9 condenado \u00e0 pris\u00e3o perp\u00e9tua na Su\u00ed\u00e7a por estuprar menina de 4 anos Do UOL Not\u00edcias* Em S\u00e3o Paulo Um brasileiro de 30 anos foi condenado [&hellip;]<\/p>\n","protected":false},"author":2,"featured_media":0,"comment_status":"open","ping_status":"open","sticky":false,"template":"","format":"standard","meta":{"_links_to":"","_links_to_target":""},"categories":[10],"tags":[],"_links":{"self":[{"href":"https:\/\/www.r2cpress.com.br\/v1\/wp-json\/wp\/v2\/posts\/16143"}],"collection":[{"href":"https:\/\/www.r2cpress.com.br\/v1\/wp-json\/wp\/v2\/posts"}],"about":[{"href":"https:\/\/www.r2cpress.com.br\/v1\/wp-json\/wp\/v2\/types\/post"}],"author":[{"embeddable":true,"href":"https:\/\/www.r2cpress.com.br\/v1\/wp-json\/wp\/v2\/users\/2"}],"replies":[{"embeddable":true,"href":"https:\/\/www.r2cpress.com.br\/v1\/wp-json\/wp\/v2\/comments?post=16143"}],"version-history":[{"count":2,"href":"https:\/\/www.r2cpress.com.br\/v1\/wp-json\/wp\/v2\/posts\/16143\/revisions"}],"predecessor-version":[{"id":16145,"href":"https:\/\/www.r2cpress.com.br\/v1\/wp-json\/wp\/v2\/posts\/16143\/revisions\/16145"}],"wp:attachment":[{"href":"https:\/\/www.r2cpress.com.br\/v1\/wp-json\/wp\/v2\/media?parent=16143"}],"wp:term":[{"taxonomy":"category","embeddable":true,"href":"https:\/\/www.r2cpress.com.br\/v1\/wp-json\/wp\/v2\/categories?post=16143"},{"taxonomy":"post_tag","embeddable":true,"href":"https:\/\/www.r2cpress.com.br\/v1\/wp-json\/wp\/v2\/tags?post=16143"}],"curies":[{"name":"wp","href":"https:\/\/api.w.org\/{rel}","templated":true}]}}