{"id":16146,"date":"2011-05-26T12:53:14","date_gmt":"2011-05-26T15:53:14","guid":{"rendered":"http:\/\/www.r2cpress.com.br\/v1\/?p=16146"},"modified":"2011-05-26T12:53:14","modified_gmt":"2011-05-26T15:53:14","slug":"operacao-talisma-recupera-moto-roubada-em-itabuna","status":"publish","type":"post","link":"https:\/\/www.r2cpress.com.br\/v1\/2011\/05\/26\/operacao-talisma-recupera-moto-roubada-em-itabuna\/","title":{"rendered":"OPERA\u00c7\u00c3O TALISM\u00c3 RECUPERA MOTO ROUBADA EM ITABUNA."},"content":{"rendered":"<p><div id=\"attachment_16147\" style=\"width: 277px\" class=\"wp-caption alignright\"><a href=\"http:\/\/www.r2cpress.com.br\/v1\/wp-content\/uploads\/mont-capa-site47.jpg\"><img aria-describedby=\"caption-attachment-16147\" loading=\"lazy\" src=\"http:\/\/www.r2cpress.com.br\/v1\/wp-content\/uploads\/mont-capa-site47-267x300.jpg\" alt=\"\" title=\"mont capa site\" width=\"267\" height=\"300\" class=\"size-medium wp-image-16147\" srcset=\"https:\/\/www.r2cpress.com.br\/v1\/wp-content\/uploads\/mont-capa-site47-267x300.jpg 267w, https:\/\/www.r2cpress.com.br\/v1\/wp-content\/uploads\/mont-capa-site47.jpg 450w\" sizes=\"(max-width: 267px) 100vw, 267px\" \/><\/a><p id=\"caption-attachment-16147\" class=\"wp-caption-text\">Clique para AMPLIAR.<\/p><\/div>No primeiro dia da opera\u00e7\u00e3o Talism\u00e3, durante abordagens no bairro Daniel Gomes em Itabuna, efetuadas pelas guarni\u00e7\u00f5es da RONDESP e do TOR sob comando do TEN PM Leonardo da 69\u00b0 CIPM, foi recuperada uma moto fruto de roubo.<\/p>\n<p>Foram realizadas blitz pela cidade de Itabuna e abordagens a pessoas a p\u00e9, de bicicleta, motos e carros. Ao realizarem abordagem no bairro Daniel Gomes dois indiv\u00edduos em uma moto avistaram as viaturas policiais e tentaram evadir-se do local, que ap\u00f3s persegui\u00e7\u00e3o e buscas os elementos conseguiram empreender fuga, mas, foi encontrada a moto DAFRA-ZIG de cor vermelha fruto de roubo. A motocicleta foi encaminhada a delegacia de Itabuna para que fossem tomadas as devidas providencias. Al\u00e9m disso, ao efetuarem buscas em ve\u00edculos, foi encontrada uma m\u00e1quina de choque, aparelho de uso proibido. Esse \u00e9 o resultado que a pol\u00edcia espera obter, tirando de circula\u00e7\u00e3o armas, drogas, ve\u00edculos irregulares e proporcionar mais seguran\u00e7a em locais com um alto \u00edndice de criminalidade.<\/p>\n<p>ASCOM 69\u00aa CIPM<\/p>\n","protected":false},"excerpt":{"rendered":"<p>No primeiro dia da opera\u00e7\u00e3o Talism\u00e3, durante abordagens no bairro Daniel Gomes em Itabuna, efetuadas pelas guarni\u00e7\u00f5es da RONDESP e do TOR sob comando do TEN PM Leonardo da 69\u00b0 CIPM, foi recuperada uma moto fruto de roubo. Foram realizadas blitz pela cidade de Itabuna e abordagens a pessoas a p\u00e9, de bicicleta, motos e [&hellip;]<\/p>\n","protected":false},"author":2,"featured_media":0,"comment_status":"open","ping_status":"open","sticky":false,"template":"","format":"standard","meta":{"_links_to":"","_links_to_target":""},"categories":[25],"tags":[],"_links":{"self":[{"href":"https:\/\/www.r2cpress.com.br\/v1\/wp-json\/wp\/v2\/posts\/16146"}],"collection":[{"href":"https:\/\/www.r2cpress.com.br\/v1\/wp-json\/wp\/v2\/posts"}],"about":[{"href":"https:\/\/www.r2cpress.com.br\/v1\/wp-json\/wp\/v2\/types\/post"}],"author":[{"embeddable":true,"href":"https:\/\/www.r2cpress.com.br\/v1\/wp-json\/wp\/v2\/users\/2"}],"replies":[{"embeddable":true,"href":"https:\/\/www.r2cpress.com.br\/v1\/wp-json\/wp\/v2\/comments?post=16146"}],"version-history":[{"count":2,"href":"https:\/\/www.r2cpress.com.br\/v1\/wp-json\/wp\/v2\/posts\/16146\/revisions"}],"predecessor-version":[{"id":16149,"href":"https:\/\/www.r2cpress.com.br\/v1\/wp-json\/wp\/v2\/posts\/16146\/revisions\/16149"}],"wp:attachment":[{"href":"https:\/\/www.r2cpress.com.br\/v1\/wp-json\/wp\/v2\/media?parent=16146"}],"wp:term":[{"taxonomy":"category","embeddable":true,"href":"https:\/\/www.r2cpress.com.br\/v1\/wp-json\/wp\/v2\/categories?post=16146"},{"taxonomy":"post_tag","embeddable":true,"href":"https:\/\/www.r2cpress.com.br\/v1\/wp-json\/wp\/v2\/tags?post=16146"}],"curies":[{"name":"wp","href":"https:\/\/api.w.org\/{rel}","templated":true}]}}