{"id":16150,"date":"2011-05-26T12:58:20","date_gmt":"2011-05-26T15:58:20","guid":{"rendered":"http:\/\/www.r2cpress.com.br\/v1\/?p=16150"},"modified":"2011-05-26T12:58:20","modified_gmt":"2011-05-26T15:58:20","slug":"posse-do-sindicato-dos-radialistas-acontece-nesta-5%c2%aa-feira-na-academia-de-letras-de-ilheus","status":"publish","type":"post","link":"https:\/\/www.r2cpress.com.br\/v1\/2011\/05\/26\/posse-do-sindicato-dos-radialistas-acontece-nesta-5%c2%aa-feira-na-academia-de-letras-de-ilheus\/","title":{"rendered":"Posse do Sindicato dos Radialistas acontece nesta 5\u00aa feira, na Academia de Letras de Ilh\u00e9us"},"content":{"rendered":"<p>Re-eleita para o <strong>tri\u00eanio 2011\/2014<\/strong>, a nova diretoria do <strong>Sindicato dos Radialistas<\/strong> <strong>de Ilh\u00e9us<\/strong> toma posse nesta <strong>5\u00aa feira, 26, \u00e0s 18h no audit\u00f3rio da<\/strong> <strong>Academia de Letras de Ilh\u00e9us<\/strong> e, contar\u00e1 com a presen\u00e7a de v\u00e1rias autoridades locais e imprensa regional.<\/p>\n<p>Elias Reis e demais diretores da entidade foram re-eleitos no \u00faltimo dia 28 de abril, obtendo <strong>98% dos votos v\u00e1lidos<\/strong>, algo in\u00e9dito em toda a hist\u00f3ria do sindicato. \u201cHoje, com certeza, o nome de Elias Reis representa o melhor para a categoria\u201d, afirma o titular do programa Fatos em Detalhes -, da R\u00e1dio Cultura, Malthez de Atha\u00edde.<\/p>\n<p>No primeiro bi\u00eanio de mandato, Elias Reis foi eleito com 78% dos votos v\u00e1lidos, prometendo moralizar e organizar o sindicato e fazer valer a lei trabalhista. Hoje, ap\u00f3s 23 meses, o Sindicato est\u00e1 de roupagem nova. Totalmente organizado, moralizado, filiado \u00e0 <strong>For\u00e7a Sindical e a FENARTE<\/strong>, legalmente em dia com a Receita Federal e as declara\u00e7\u00f5es do Imposto de Renda, portanto com o CNPJ ativo. Muitas a\u00e7\u00f5es e parcerias foram executadas: Limpeza geral daqueles que exerciam a profiss\u00e3o de radialistas sem o DRT; Conv\u00eanio para cursos de forma\u00e7\u00e3o com a Universidade Estadual de Santa Cruz; Conv\u00eanio com o Minist\u00e9rio do Trabalho, Pol\u00edcia Federal e Poder Judici\u00e1rio. Servi\u00e7os como homologa\u00e7\u00e3o, orienta\u00e7\u00e3o trabalhista e previdenci\u00e1ria, Vale-G\u00e1s, Vale-Farm\u00e1cia e assist\u00eancia jur\u00eddica.<\/p>\n<p><!--more--><\/p>\n<p>O Sindicato dos Radialistas de Ilh\u00e9us, atrav\u00e9s de parceria com a Academia de Letras, hoje j\u00e1 disponibiliza espa\u00e7o f\u00edsico naquela institui\u00e7\u00e3o para atendimento aos seus associados, reuni\u00f5es ordin\u00e1rias e assembl\u00e9ias gerais. Com quase nenhum recurso, o Sindicato j\u00e1 realizou outras a\u00e7\u00f5es, como o curso de Cerimonial b\u00e1sico em parceria com a <strong>Associa\u00e7\u00e3o Bahiana de Imprensa<\/strong>; implantou o projeto 5\u00aa do R\u00e1dio; conseguiu nomes de pra\u00e7as e ruas em homenagens \u00e0 categoria e radialistas; Trabalhou e viabilizou que o Sindicato tornasse uma Entidade de Utilidade P\u00fablica, possibilitando conv\u00eanio para capta\u00e7\u00e3o de recursos em todas as esferas, a exemplo de emenda apresentada recentemente no or\u00e7amento do munic\u00edpio; Articulou e conseguiu inserir a entidade no CONCIDADE-Ilh\u00e9us e num trabalho espetacular e in\u00e9dito, conseguiu um <strong>Comit\u00ea de Imprensa-Sala Radialista<\/strong> <strong>Edinho Nascimento<\/strong>, oficialmente atrav\u00e9s da Resolu\u00e7\u00e3o n\u00ba 588\/2010, \u00a0instalado na C\u00e2mara Municipal de Ilh\u00e9us, \u00fanico na Bahia, quem vem atendendo e servindo toda a imprensa local.<\/p>\n<p>Para este pr\u00f3ximo mandato, a expectativa \u00e9 muito grande no quesito a\u00e7\u00f5es. J\u00e1 programado a viabilidade de conv\u00eanio com supermercado; curso de ingl\u00eas b\u00e1sico para locutores; curso sobre \u00e9tica, em parceria com a ABI; Lan\u00e7amento do C\u00f3digo de \u00e9tica para os radialistas; Curso sobre a nova ortografia brasileira e, se os planos derem certo, a compra de um ve\u00edculo para a entidade, para servir n\u00e3o s\u00f3 \u00e0 diretoria, mas, tamb\u00e9m aos associados.<\/p>\n<p>Para Elias Reis, presidente re-eleito, todo o sucesso do sindicato \u00e9 a seriedade, a honestidade e a capacidade de administrar de forma democr\u00e1tica e, principalmente, n\u00e3o viciada. \u201cSabemos das dificuldades das empresas, por\u00e9m, n\u00e3o abrimos m\u00e3o da lei, dos direitos trabalhistas. O nosso sindicato \u00e9 exemplo para a Bahia, sem subservi\u00eancia e sem peleguismo\u201d, afirma<\/p>\n<p>&nbsp;<\/p>\n<p>&#8212;<\/p>\n<p>Reda\u00e7\u00e3o: ascom-SindR\u00e1dio-Ilh\u00e9us, DINO ROCHA, DRT 2074.<\/p>\n<p>Sindicato.radio.tv.ilheus@gmail.com<\/p>\n","protected":false},"excerpt":{"rendered":"<p>Re-eleita para o tri\u00eanio 2011\/2014, a nova diretoria do Sindicato dos Radialistas de Ilh\u00e9us toma posse nesta 5\u00aa feira, 26, \u00e0s 18h no audit\u00f3rio da Academia de Letras de Ilh\u00e9us e, contar\u00e1 com a presen\u00e7a de v\u00e1rias autoridades locais e imprensa regional. Elias Reis e demais diretores da entidade foram re-eleitos no \u00faltimo dia 28 [&hellip;]<\/p>\n","protected":false},"author":2,"featured_media":0,"comment_status":"open","ping_status":"open","sticky":false,"template":"","format":"standard","meta":{"_links_to":"","_links_to_target":""},"categories":[28],"tags":[],"_links":{"self":[{"href":"https:\/\/www.r2cpress.com.br\/v1\/wp-json\/wp\/v2\/posts\/16150"}],"collection":[{"href":"https:\/\/www.r2cpress.com.br\/v1\/wp-json\/wp\/v2\/posts"}],"about":[{"href":"https:\/\/www.r2cpress.com.br\/v1\/wp-json\/wp\/v2\/types\/post"}],"author":[{"embeddable":true,"href":"https:\/\/www.r2cpress.com.br\/v1\/wp-json\/wp\/v2\/users\/2"}],"replies":[{"embeddable":true,"href":"https:\/\/www.r2cpress.com.br\/v1\/wp-json\/wp\/v2\/comments?post=16150"}],"version-history":[{"count":4,"href":"https:\/\/www.r2cpress.com.br\/v1\/wp-json\/wp\/v2\/posts\/16150\/revisions"}],"predecessor-version":[{"id":16154,"href":"https:\/\/www.r2cpress.com.br\/v1\/wp-json\/wp\/v2\/posts\/16150\/revisions\/16154"}],"wp:attachment":[{"href":"https:\/\/www.r2cpress.com.br\/v1\/wp-json\/wp\/v2\/media?parent=16150"}],"wp:term":[{"taxonomy":"category","embeddable":true,"href":"https:\/\/www.r2cpress.com.br\/v1\/wp-json\/wp\/v2\/categories?post=16150"},{"taxonomy":"post_tag","embeddable":true,"href":"https:\/\/www.r2cpress.com.br\/v1\/wp-json\/wp\/v2\/tags?post=16150"}],"curies":[{"name":"wp","href":"https:\/\/api.w.org\/{rel}","templated":true}]}}