{"id":16159,"date":"2011-05-26T14:09:08","date_gmt":"2011-05-26T17:09:08","guid":{"rendered":"http:\/\/www.r2cpress.com.br\/v1\/?p=16159"},"modified":"2011-05-26T14:09:08","modified_gmt":"2011-05-26T17:09:08","slug":"dinho-gas-a-camara-estara-sempre-do-lado-do-trabalhador","status":"publish","type":"post","link":"https:\/\/www.r2cpress.com.br\/v1\/2011\/05\/26\/dinho-gas-a-camara-estara-sempre-do-lado-do-trabalhador\/","title":{"rendered":"DINHO G\u00c1S: A C\u00c2MARA ESTAR\u00c1 SEMPRE DO LADO DO TRABALHADOR"},"content":{"rendered":"<p><div id=\"attachment_16160\" style=\"width: 260px\" class=\"wp-caption alignleft\"><a href=\"http:\/\/www.r2cpress.com.br\/v1\/wp-content\/uploads\/DINHO-G\u00c1S.jpg\"><img aria-describedby=\"caption-attachment-16160\" loading=\"lazy\" src=\"http:\/\/www.r2cpress.com.br\/v1\/wp-content\/uploads\/DINHO-G\u00c1S.jpg\" alt=\"\" title=\"DINHO G\u00c1S\" width=\"250\" height=\"268\" class=\"size-full wp-image-16160\" \/><\/a><p id=\"caption-attachment-16160\" class=\"wp-caption-text\">DINHO G\u00c1S<\/p><\/div>O presidente da C\u00e2mara Municipal de Ilh\u00e9us, vereador Edvaldo Nascimento  (Dinho G\u00e1s), comemorou a aprova\u00e7\u00e3o do plano de carreira e sal\u00e1rios dos servidores da educa\u00e7\u00e3o do munic\u00edpio, ocorrida na sess\u00e3o da ultima ter\u00e7a-feira, 24.<\/p>\n<p>Para o vereador Dinho G\u00e1s,o fato de ter presidido a sess\u00e3o \u00e9 motivo de honra, j\u00e1 que o mesmo tamb\u00e9m \u00e9 um trabalhador e conhece as dificuldades, principalmente no que diz respeito aos baixos sal\u00e1rios e falta de condi\u00e7\u00f5es para desempenho de suas fun\u00e7\u00f5es. O presidente da C\u00e2mara de Ilh\u00e9us disse ainda que \u201cgostou de ver os trabalhadores ali no plen\u00e1rio at\u00e9 o final da sess\u00e3o\u201d, o que teria lhe emocionado.<\/p>\n<p>Dinho G\u00e1s, ressalta a participa\u00e7\u00e3o de todos os vereadores titulares e suplentes na aprova\u00e7\u00e3o por unanimidade do projeto, que leva dignidade aos trabalhadores da educa\u00e7\u00e3o ilheense e parabeniza em especial a atua\u00e7\u00e3o da vereadora Carmelita \u00c2ngela e da representante da APPI-APLB Enilda Mendon\u00e7a.<\/p>\n<p><strong>M\u00e1rcio Veloso\/ Pesar <\/strong><\/p>\n<p><!--more--><\/p>\n<p>Atendendo uma solicita\u00e7\u00e3o dos colegas vereadores, o presidente vereador Edvaldo Nascimento, decretou a suspens\u00e3o dos trabalhos legislativos em respeito ao passamento(falecimento), do advogado e dirigente do PMDB ilheense M\u00e1rcio Veloso, filho do ex-vereador e ex-deputado federal Raymundo Veloso, que presidiu a C\u00e2mara Municipal de Ilh\u00e9us entre 2005 e 2006.<\/p>\n<p>Edvaldo Nascimento (Dinho G\u00e1s), lembrou em entrevista \u00e0 emissoras de r\u00e1dio que o jovem Marcio Veloso, era inteligente e ousado, alem de ser uma pessoa querida por todos. Aos familiares, Dinho G\u00e1s, deixa uma mensagem de paz , for\u00e7a e esperan\u00e7a, \u201cj\u00e1 que para quem cr\u00ea e tem f\u00e9, a vida \u00e9 uma passagem para uma outra, plena e mais feliz\u201d, finalizou.<\/p>\n","protected":false},"excerpt":{"rendered":"<p>O presidente da C\u00e2mara Municipal de Ilh\u00e9us, vereador Edvaldo Nascimento (Dinho G\u00e1s), comemorou a aprova\u00e7\u00e3o do plano de carreira e sal\u00e1rios dos servidores da educa\u00e7\u00e3o do munic\u00edpio, ocorrida na sess\u00e3o da ultima ter\u00e7a-feira, 24. Para o vereador Dinho G\u00e1s,o fato de ter presidido a sess\u00e3o \u00e9 motivo de honra, j\u00e1 que o mesmo tamb\u00e9m \u00e9 [&hellip;]<\/p>\n","protected":false},"author":2,"featured_media":0,"comment_status":"open","ping_status":"open","sticky":false,"template":"","format":"standard","meta":{"_links_to":"","_links_to_target":""},"categories":[22],"tags":[],"_links":{"self":[{"href":"https:\/\/www.r2cpress.com.br\/v1\/wp-json\/wp\/v2\/posts\/16159"}],"collection":[{"href":"https:\/\/www.r2cpress.com.br\/v1\/wp-json\/wp\/v2\/posts"}],"about":[{"href":"https:\/\/www.r2cpress.com.br\/v1\/wp-json\/wp\/v2\/types\/post"}],"author":[{"embeddable":true,"href":"https:\/\/www.r2cpress.com.br\/v1\/wp-json\/wp\/v2\/users\/2"}],"replies":[{"embeddable":true,"href":"https:\/\/www.r2cpress.com.br\/v1\/wp-json\/wp\/v2\/comments?post=16159"}],"version-history":[{"count":2,"href":"https:\/\/www.r2cpress.com.br\/v1\/wp-json\/wp\/v2\/posts\/16159\/revisions"}],"predecessor-version":[{"id":16162,"href":"https:\/\/www.r2cpress.com.br\/v1\/wp-json\/wp\/v2\/posts\/16159\/revisions\/16162"}],"wp:attachment":[{"href":"https:\/\/www.r2cpress.com.br\/v1\/wp-json\/wp\/v2\/media?parent=16159"}],"wp:term":[{"taxonomy":"category","embeddable":true,"href":"https:\/\/www.r2cpress.com.br\/v1\/wp-json\/wp\/v2\/categories?post=16159"},{"taxonomy":"post_tag","embeddable":true,"href":"https:\/\/www.r2cpress.com.br\/v1\/wp-json\/wp\/v2\/tags?post=16159"}],"curies":[{"name":"wp","href":"https:\/\/api.w.org\/{rel}","templated":true}]}}