{"id":16163,"date":"2011-05-26T14:41:01","date_gmt":"2011-05-26T17:41:01","guid":{"rendered":"http:\/\/www.r2cpress.com.br\/v1\/?p=16163"},"modified":"2011-05-26T14:41:01","modified_gmt":"2011-05-26T17:41:01","slug":"presidenta-dilma-o-polemico-kit-gay","status":"publish","type":"post","link":"https:\/\/www.r2cpress.com.br\/v1\/2011\/05\/26\/presidenta-dilma-o-polemico-kit-gay\/","title":{"rendered":"PRESIDENTA DILMA O POL\u00caMICO KIT GAY"},"content":{"rendered":"<p>De: Mohammad <mehmed .ibnfaisal@gmail.com><br \/>\nAssunto: PRESIDENTA DILMA O POL\u00caMICO KIT GAY<\/p>\n<p>Corpo da mensagem:<br \/>\nAo poucos vou conhecendo a nossa Presidenta Dilma. Confesso que n\u00e3o gostava dela, assim como de muitas coisas do PT.  Declaro, entretanto, com agrad\u00e1vel surpresa, que a atitude racional, apol\u00edtica e de profunda intelig\u00eancia da Presidenta ante esse pol\u00eamico \u201cKit Gay\u201d come\u00e7a a conquistar-me. A Presidenta est\u00e1 ganhando a minha admira\u00e7\u00e3o e respeito dia ap\u00f3s dia. J\u00e1 estou gostando muito de t\u00ea-la presidenta do meu pa\u00eds. E muito mais como uma grande cidad\u00e3, como se mostra! Parab\u00e9ns a n\u00f3s brasileiros! Vamos la presidenta Dilma!<br \/>\nMohammad.<br \/>\n 26\/05\/2011 &#8211; 13h49<br \/>\n&#8212;<\/p>\n<p>&#8220;N\u00e3o aceito propaganda de op\u00e7\u00f5es sexuais&#8221;, afirma Dilma sobre kit anti-homofobia<br \/>\nDa Reda\u00e7\u00e3o*<br \/>\nEm S\u00e3o Paulo<br \/>\ntweet<br \/>\nSeja o primeiro a comentar<br \/>\nA presidente Dilma Rousseff criticou o kit Escola sem Homofobia, tamb\u00e9m chamado de kit anti-homofobia e kit gay, na manh\u00e3 desta quinta-feira (26). Ela disse que assistiu a um dos v\u00eddeos e n\u00e3o gostou do seu conte\u00fado.<br \/>\n&#8220;N\u00e3o aceito propaganda de op\u00e7\u00f5es sexuais. N\u00e3o podemos intervir na vida privada das pessoas&#8221;, afirmou em cerim\u00f4nia no Pal\u00e1cio do Planalto. A presidente disse, ainda, que o governo defende a luta contra pr\u00e1ticas homof\u00f3bicas. \u201cO governo pode, sim, ensinar que \u00e9 necess\u00e1rio respeitar a diferen\u00e7a e que voc\u00ea n\u00e3o pode exercer pr\u00e1ticas violentas contra os diferentes.\u201d<br \/>\nSegundo a presidente, a situa\u00e7\u00e3o est\u00e1 em estudo: \u201c\u00c9 uma quest\u00e3o que o governo vai revisar, n\u00e3o haver\u00e1 autoriza\u00e7\u00e3o para esse tipo de pol\u00edtica de defesa A, B ou C. Agora, lutamos contra a homofobia\u201d.<\/p>\n<p>http:\/\/noticias.uol.com.br\/educacao\/2011\/05\/26\/nao-aceito-propaganda-de-opcoes-sexuais-afirma-dilma-sobre-kit-anti-homofobia.jhtm<\/p>\n<p>&#8212;<br \/>\nEsta mensagem foi enviada atrav\u00e9s do formul\u00e1rio de contato do site R2CPRESS | A Letra Fria da Verdade http:\/\/www.r2cpress.com.br\/v1<\/mehmed><\/p>\n","protected":false},"excerpt":{"rendered":"<p>De: Mohammad Assunto: PRESIDENTA DILMA O POL\u00caMICO KIT GAY Corpo da mensagem: Ao poucos vou conhecendo a nossa Presidenta Dilma. Confesso que n\u00e3o gostava dela, assim como de muitas coisas do PT. Declaro, entretanto, com agrad\u00e1vel surpresa, que a atitude racional, apol\u00edtica e de profunda intelig\u00eancia da Presidenta ante esse pol\u00eamico \u201cKit Gay\u201d come\u00e7a a [&hellip;]<\/p>\n","protected":false},"author":2,"featured_media":0,"comment_status":"open","ping_status":"open","sticky":false,"template":"","format":"standard","meta":{"_links_to":"","_links_to_target":""},"categories":[10],"tags":[],"_links":{"self":[{"href":"https:\/\/www.r2cpress.com.br\/v1\/wp-json\/wp\/v2\/posts\/16163"}],"collection":[{"href":"https:\/\/www.r2cpress.com.br\/v1\/wp-json\/wp\/v2\/posts"}],"about":[{"href":"https:\/\/www.r2cpress.com.br\/v1\/wp-json\/wp\/v2\/types\/post"}],"author":[{"embeddable":true,"href":"https:\/\/www.r2cpress.com.br\/v1\/wp-json\/wp\/v2\/users\/2"}],"replies":[{"embeddable":true,"href":"https:\/\/www.r2cpress.com.br\/v1\/wp-json\/wp\/v2\/comments?post=16163"}],"version-history":[{"count":2,"href":"https:\/\/www.r2cpress.com.br\/v1\/wp-json\/wp\/v2\/posts\/16163\/revisions"}],"predecessor-version":[{"id":16165,"href":"https:\/\/www.r2cpress.com.br\/v1\/wp-json\/wp\/v2\/posts\/16163\/revisions\/16165"}],"wp:attachment":[{"href":"https:\/\/www.r2cpress.com.br\/v1\/wp-json\/wp\/v2\/media?parent=16163"}],"wp:term":[{"taxonomy":"category","embeddable":true,"href":"https:\/\/www.r2cpress.com.br\/v1\/wp-json\/wp\/v2\/categories?post=16163"},{"taxonomy":"post_tag","embeddable":true,"href":"https:\/\/www.r2cpress.com.br\/v1\/wp-json\/wp\/v2\/tags?post=16163"}],"curies":[{"name":"wp","href":"https:\/\/api.w.org\/{rel}","templated":true}]}}