{"id":16175,"date":"2011-05-26T16:30:57","date_gmt":"2011-05-26T19:30:57","guid":{"rendered":"http:\/\/www.r2cpress.com.br\/v1\/?p=16175"},"modified":"2011-05-26T16:30:57","modified_gmt":"2011-05-26T19:30:57","slug":"medicos-varrem-avenida-paulista-para-recolher-bitucas-de-cigarro-e-alertar-populacao-sobre-os-males-do-tabagismo","status":"publish","type":"post","link":"https:\/\/www.r2cpress.com.br\/v1\/2011\/05\/26\/medicos-varrem-avenida-paulista-para-recolher-bitucas-de-cigarro-e-alertar-populacao-sobre-os-males-do-tabagismo\/","title":{"rendered":"M\u00e9dicos varrem Avenida Paulista para recolher bitucas de cigarro e alertar popula\u00e7\u00e3o sobre os males do tabagismo"},"content":{"rendered":"<p><em><span style=\"text-decoration: underline;\"><span style=\"font-family: Calibri;\"><span style=\"font-size: small;\">A\u00e7\u00e3o de conscientiza\u00e7\u00e3o para tabagistas ter\u00e1 tamb\u00e9m  realiza\u00e7\u00e3o de exames e outros servi\u00e7os para a  popula\u00e7\u00e3o<\/span><\/span><\/span><\/em><\/p>\n<p><em><span style=\"text-decoration: underline;\"><span style=\"font-family: Calibri;\"><span style=\"font-size: small;\"> <\/span><\/span><\/span><\/em><span style=\"font-family: Calibri;\"><span style=\"font-size: small;\">Mais inusitado imposs\u00edvel: um batalh\u00e3o de m\u00e9dicos, de  jalecos brancos, vassoura e p\u00e1s de lixo nas m\u00e3os limpando da Avenida Paulista  todas as pontas de cigarros espalhadas no entorno do Conjunto Nacional. \u00c9 isso  que acontecer\u00e1 no dia 31 de maio, Dia Mundial sem Tabaco, durante a segunda  edi\u00e7\u00e3o do Mutir\u00e3o da Bituca da Sociedade Paulista de Pneumologia e Tisiologia  (SPPT). \u00c9 uma forma diferente e criativa de conscientizar a popula\u00e7\u00e3o sobre os  malef\u00edcios desta doen\u00e7a. <\/span><\/span><span style=\"font-family: Calibri;\"><span style=\"font-size: small;\"> <\/span><\/span><\/p>\n<p><span style=\"font-family: Calibri;\"><span style=\"font-size: small;\">\u201cEsta  \u00e9 mais uma iniciativa fundamental para o controle do tabagismo no pa\u00eds. Temos  obriga\u00e7\u00e3o de trabalhar esse aspecto como m\u00e9dicos, pois o tabagismo \u00e9 causa  importante de morte e diminui\u00e7\u00e3o da qualidade de vida por diversas doen\u00e7as\u201d,  argumenta Jaquelina Ota, presidente da SPPT.<\/span><\/span><span style=\"font-family: Century Gothic; font-size: x-small;\"><span style=\"font-family: Century Gothic; font-size: x-small;\"><span style=\"font-family: Century Gothic; font-size: x-small;\"><strong><span style=\"font-family: Calibri;\"><span style=\"font-size: large;\"><br \/>\n<\/span><\/span><\/strong><\/p>\n<p><span style=\"font-family: Calibri;\"> <\/span><\/p>\n<p><span style=\"font-family: Calibri; font-size: small;\"> <\/span><\/p>\n<p><span style=\"font-family: Calibri; font-size: small;\"> <\/span><\/p>\n<p><span style=\"font-family: Calibri;\"><span style=\"font-size: small;\"><!--more--><br \/>\n<\/span><\/span><\/p>\n<p><span style=\"font-family: Calibri;\"><span style=\"font-size: small;\">Das 8h \u00e0s 16h, os m\u00e9dicos pneumologistas tamb\u00e9m  prestar\u00e3o esclarecimentos aos cidad\u00e3os, al\u00e9m de distribuir materiais  informativos. No interior do Conjunto Nacional, ser\u00e3o feitos exames de pico de  fluxo para avaliar a capacidade respirat\u00f3ria; teste de depend\u00eancia de nicotina e  dosagem de mon\u00f3xido de carbono no ar expirado pelo paciente, oferecendo diversas  informa\u00e7\u00f5es sobre poss\u00edveis patologias e necessidade de tratamento, conforme  adianta a dra. Val\u00e9ria Cristina Martins, secret\u00e1ria-geral da SPPT. <\/span><\/span><\/p>\n<p><span style=\"font-family: Calibri; font-size: small;\"> <\/span><\/p>\n<p><span style=\"font-family: Calibri;\"><span style=\"font-size: small;\">Haver\u00e1 ainda um software para calcular quanto cada  fumante gasta na compra de cigarros por dia, m\u00eas, ano e ao longo da vida. Os  interessados saber\u00e3o o valor que lucrariam se tivessem, por exemplo, investido  tal dinheiro em aplica\u00e7\u00f5es financeiras  diversas.<\/span><\/span><\/p>\n<p><span style=\"font-family: Calibri; font-size: small;\"> <\/span><\/p>\n<p><span style=\"font-family: Calibri;\"><span style=\"font-size: small;\">A iniciativa tem como slogan: \u201c<em>Vamos varrer essa doen\u00e7a. Parar de fumar? O  m\u00e9dico pode ajudar. Procure um  pneumologista<\/em>\u201d.<\/span><\/span><\/p>\n<p><span style=\"font-family: Calibri; font-size: small;\"> <\/span><\/p>\n<p><span style=\"font-family: Calibri;\"><span style=\"font-size: small;\">Vale destacar que o tabagismo \u00e9 considerado pela  Organiza\u00e7\u00e3o Mundial da Sa\u00fade (OMS) uma doen\u00e7a. Atualmente 5 milh\u00f5es de pessoas  morrem por ano por doen\u00e7as relacionadas ao h\u00e1bito. Caso medidas n\u00e3o sejam  adotadas com urg\u00eancia, em 2030 teremos 8 milh\u00f5es de mortes ao ano, que poderiam  ser evitadas com a cessa\u00e7\u00e3o do tabagismo. <\/span><\/span><\/p>\n<p><\/span><\/span><\/span><\/p>\n","protected":false},"excerpt":{"rendered":"<p>A\u00e7\u00e3o de conscientiza\u00e7\u00e3o para tabagistas ter\u00e1 tamb\u00e9m realiza\u00e7\u00e3o de exames e outros servi\u00e7os para a popula\u00e7\u00e3o Mais inusitado imposs\u00edvel: um batalh\u00e3o de m\u00e9dicos, de jalecos brancos, vassoura e p\u00e1s de lixo nas m\u00e3os limpando da Avenida Paulista todas as pontas de cigarros espalhadas no entorno do Conjunto Nacional. \u00c9 isso que acontecer\u00e1 no dia 31 [&hellip;]<\/p>\n","protected":false},"author":2,"featured_media":0,"comment_status":"open","ping_status":"open","sticky":false,"template":"","format":"standard","meta":{"_links_to":"","_links_to_target":""},"categories":[24],"tags":[],"_links":{"self":[{"href":"https:\/\/www.r2cpress.com.br\/v1\/wp-json\/wp\/v2\/posts\/16175"}],"collection":[{"href":"https:\/\/www.r2cpress.com.br\/v1\/wp-json\/wp\/v2\/posts"}],"about":[{"href":"https:\/\/www.r2cpress.com.br\/v1\/wp-json\/wp\/v2\/types\/post"}],"author":[{"embeddable":true,"href":"https:\/\/www.r2cpress.com.br\/v1\/wp-json\/wp\/v2\/users\/2"}],"replies":[{"embeddable":true,"href":"https:\/\/www.r2cpress.com.br\/v1\/wp-json\/wp\/v2\/comments?post=16175"}],"version-history":[{"count":3,"href":"https:\/\/www.r2cpress.com.br\/v1\/wp-json\/wp\/v2\/posts\/16175\/revisions"}],"predecessor-version":[{"id":16178,"href":"https:\/\/www.r2cpress.com.br\/v1\/wp-json\/wp\/v2\/posts\/16175\/revisions\/16178"}],"wp:attachment":[{"href":"https:\/\/www.r2cpress.com.br\/v1\/wp-json\/wp\/v2\/media?parent=16175"}],"wp:term":[{"taxonomy":"category","embeddable":true,"href":"https:\/\/www.r2cpress.com.br\/v1\/wp-json\/wp\/v2\/categories?post=16175"},{"taxonomy":"post_tag","embeddable":true,"href":"https:\/\/www.r2cpress.com.br\/v1\/wp-json\/wp\/v2\/tags?post=16175"}],"curies":[{"name":"wp","href":"https:\/\/api.w.org\/{rel}","templated":true}]}}