{"id":16205,"date":"2011-05-26T20:06:37","date_gmt":"2011-05-26T23:06:37","guid":{"rendered":"http:\/\/www.r2cpress.com.br\/v1\/?p=16205"},"modified":"2011-05-26T20:06:37","modified_gmt":"2011-05-26T23:06:37","slug":"campanha-salarial-do-sinsep","status":"publish","type":"post","link":"https:\/\/www.r2cpress.com.br\/v1\/2011\/05\/26\/campanha-salarial-do-sinsep\/","title":{"rendered":"Campanha Salarial do Sinsep"},"content":{"rendered":"<p>De: Joana <tu_msn @hotmail.com><br \/>\nAssunto: <strong>Campanha Salarial do Sinsep<\/strong><\/p>\n<p>Corpo da mensagem:<br \/>\nOi Rabat,<br \/>\nLi abaixo algumas noticias boas sobre o aumento salarial dos profissionais da educa\u00e7\u00e3o do municipio,e me preocupo com a falta de sinaliza\u00e7\u00e3o do Sinsep em rela\u00e7\u00e3o a campanha salarial dos outros profissionais da prefeitura, que segundo o sr\u00ba L\u00fa tinha como data base 01 de maio,veja bem, ja estamos no dia 26 e at\u00e9 o momento n\u00e3o houve divulga\u00e7\u00e3o do andamento das negocia\u00e7\u00f5es, isso se por acaso estiver havendo alguma,ficando claro a diferen\u00e7a da atua\u00e7\u00e3o entres os dois sindicados(APPI x Sinsep), onde ta o compromisso do sinsep com os servidores?? sera q \u00e9 demais o mesmo fazer algumas divulga\u00e7\u00f5es pelos blogues e jornais da regi\u00e3o sobre o andamento de um assunto que \u00e9 importante a muitos&#8230;<\/p>\n<p>&#8212;<br \/>\nEsta mensagem foi enviada atrav\u00e9s do formul\u00e1rio de contato do site R2CPRESS | A Letra Fria da Verdade http:\/\/www.r2cpress.com.br\/v1<\/p>\n<p><center><b>Espa\u00e7o aberto para a diretoria do Sinsep &#8211; querendo &#8211; se manifestar<\/b><\/center><\/tu_msn><\/p>\n","protected":false},"excerpt":{"rendered":"<p>De: Joana Assunto: Campanha Salarial do Sinsep Corpo da mensagem: Oi Rabat, Li abaixo algumas noticias boas sobre o aumento salarial dos profissionais da educa\u00e7\u00e3o do municipio,e me preocupo com a falta de sinaliza\u00e7\u00e3o do Sinsep em rela\u00e7\u00e3o a campanha salarial dos outros profissionais da prefeitura, que segundo o sr\u00ba L\u00fa tinha como data base [&hellip;]<\/p>\n","protected":false},"author":2,"featured_media":0,"comment_status":"open","ping_status":"open","sticky":false,"template":"","format":"standard","meta":{"_links_to":"","_links_to_target":""},"categories":[10],"tags":[],"_links":{"self":[{"href":"https:\/\/www.r2cpress.com.br\/v1\/wp-json\/wp\/v2\/posts\/16205"}],"collection":[{"href":"https:\/\/www.r2cpress.com.br\/v1\/wp-json\/wp\/v2\/posts"}],"about":[{"href":"https:\/\/www.r2cpress.com.br\/v1\/wp-json\/wp\/v2\/types\/post"}],"author":[{"embeddable":true,"href":"https:\/\/www.r2cpress.com.br\/v1\/wp-json\/wp\/v2\/users\/2"}],"replies":[{"embeddable":true,"href":"https:\/\/www.r2cpress.com.br\/v1\/wp-json\/wp\/v2\/comments?post=16205"}],"version-history":[{"count":2,"href":"https:\/\/www.r2cpress.com.br\/v1\/wp-json\/wp\/v2\/posts\/16205\/revisions"}],"predecessor-version":[{"id":16207,"href":"https:\/\/www.r2cpress.com.br\/v1\/wp-json\/wp\/v2\/posts\/16205\/revisions\/16207"}],"wp:attachment":[{"href":"https:\/\/www.r2cpress.com.br\/v1\/wp-json\/wp\/v2\/media?parent=16205"}],"wp:term":[{"taxonomy":"category","embeddable":true,"href":"https:\/\/www.r2cpress.com.br\/v1\/wp-json\/wp\/v2\/categories?post=16205"},{"taxonomy":"post_tag","embeddable":true,"href":"https:\/\/www.r2cpress.com.br\/v1\/wp-json\/wp\/v2\/tags?post=16205"}],"curies":[{"name":"wp","href":"https:\/\/api.w.org\/{rel}","templated":true}]}}