{"id":16362,"date":"2011-05-29T08:31:40","date_gmt":"2011-05-29T11:31:40","guid":{"rendered":"http:\/\/www.r2cpress.com.br\/v1\/?p=16362"},"modified":"2011-05-29T08:31:40","modified_gmt":"2011-05-29T11:31:40","slug":"ilheus-e-eunapolis-realidades-opostas","status":"publish","type":"post","link":"https:\/\/www.r2cpress.com.br\/v1\/2011\/05\/29\/ilheus-e-eunapolis-realidades-opostas\/","title":{"rendered":"Ilh\u00e9us e Eun\u00e1polis &#8211; Realidades opostas"},"content":{"rendered":"<p><a href=\"http:\/\/www.r2cpress.com.br\/v1\/wp-content\/uploads\/ALVARO-COUTO-NOVA1.jpg\"><img loading=\"lazy\" class=\"alignleft size-full wp-image-16363\" title=\"ALVARO-COUTO-NOVA\" src=\"http:\/\/www.r2cpress.com.br\/v1\/wp-content\/uploads\/ALVARO-COUTO-NOVA1.jpg\" alt=\"\" width=\"300\" height=\"129\" \/><\/a>Com investimentos de R$ 580 milh\u00f5es, os grupos Promon, Aterpa e Ecoluz  ir\u00e3o implantar a usina termel\u00e9trica UTE SulBahia I, no munic\u00edpio de  Eun\u00e1polis. A termel\u00e9trica a g\u00e1s natural ser\u00e1 a primeira do Brasil a  utilizar-se do ciclo combinado Single-Shaft de g\u00e1s e vapor, econ\u00f4mico no  consumo de g\u00e1s e com baix\u00edssima emiss\u00e3o de poluentes. \u00a0J\u00e1 habilitada  pela Petrobras, ter\u00e1 371,3MW de pot\u00eancia instalada. Os diretores da  empresa visitaram hoje (23.05) a Secretaria da Ind\u00fastria e Com\u00e9rcio,  acompanhados do senador Walter Pinheiro.<\/p>\n<p>Segundo Pinheiro, \u201cEun\u00e1polis foi escolhida por sua localiza\u00e7\u00e3o  estrat\u00e9gica pr\u00f3xima ao Gasoduto Sudeste-Nordeste (Gasene). A usina ter\u00e1  capacidade de oferta de energia para 1,5 milh\u00e3o de domic\u00edlios\u201d. O  projeto de produ\u00e7\u00e3o de energia el\u00e9trica depende somente agora da  obten\u00e7\u00e3o da licen\u00e7a ambiental. A previs\u00e3o \u00e9 que a usina inicie suas  opera\u00e7\u00f5es em 2012.<\/p>\n<p><!--more--><\/p>\n<p>O diretor da Ecoluz, Ricardo David, disse que a UTE SulBahia I vai gerar  mais de mil empregos diretos nas fases de constru\u00e7\u00e3o e opera\u00e7\u00e3o.  \u201cTrata-se de um empreendimento estrat\u00e9gico para o Extremo-Sul. A Usina  vai se aproveitar da localiza\u00e7\u00e3o do Gasene, al\u00e9m de criar mais empregos  para a regi\u00e3o, j\u00e1 que a nossa pol\u00edtica ser\u00e1 a de recrutar a maior parte  da m\u00e3o de obra em Eun\u00e1polis e cidades circunvizinhas\u201c, disse David.<\/p>\n<p>Fonte: <a href=\"http:\/\/www.oreconcavo.com.br\/\" target=\"_blank\">www.oreconcavo.com.br<\/a><\/p>\n<p>Parab\u00e9ns \u00e0 Cidade de Eun\u00e1polis. Sua geograficidade, cortada ao meio pela  BR101 \u00e9 fonte de observa\u00e7\u00e3o para muitos projetos. Sua facilidade de  entrada e sa\u00edda serve de passagem e pouso para quem deseja investir  naquela regi\u00e3o. Dessa forma, a cidade s\u00f3 tem a crescer e quem ganha \u00e9 o  cidad\u00e3o. Esse projeto gerar\u00e1 emprego e renda para seus mun\u00edcipes.  Chegando em Eun\u00e1polis hoje percebe-se o grau de desenvolvimento  instalado al\u00ed. Tem suas mazela? Tem, como em toda cidade. Por\u00e9m o que  chama a aten\u00e7\u00e3o \u00e9 a vontade que \u00e0quele povo tem de crescer e mostrar que  \u00e9 capaz de criar uma nova hist\u00f3ria.<br \/>\nAqui em Ilh\u00e9us para se implantar determinado projeto, sempre aparece a  turma do &#8220;n\u00e3o quero, n\u00e3o pode&#8221; e nem sempre a discuss\u00e3o \u00e9 democr\u00e1tica. O  Complexo Intermodal se &#8220;espreme&#8221; para ser implantado, mediante os  gritos daqueles que desejam a perman\u00eancia do atraso social e econ\u00f4mico.  Pessoas que apegadas a um passado glorioso dos coron\u00e9is e que carregam  no sobrenome uma ilus\u00f3ria autoridade para fazer valer suas opini\u00f5es \u00e0  for\u00e7a.<br \/>\nO fato do Professor Ruy Rocha ir ao programa do J\u00f4 expressar sua opini\u00e3o  n\u00e3o inviabiliza o projeto. Ele \u00e9 um excelente professor,fui seu aluno  na UESC e se eu o respeitava antes, agora a admira\u00e7\u00e3o e o respeito s\u00e3o  maiores. Porque ele teve a coragem de ir expor seu pensamento. Querer  fazer uma &#8220;Mo\u00e7\u00e3o de Rep\u00fadio&#8221; a algu\u00e9m que foi sincero em seu discurso \u00e9  no m\u00ednimo insensato. Respeito o Professor porque ele \u00e9 um profissional  qualificado para dar sua opini\u00e3o sobre o assunto. Discordo daqueles que  sem conhecimento nenhum do tema, se intitulam &#8220;ambientalistas&#8221;. Acho at\u00e9  que nunca passaram de observadores de p\u00e1ssaros nas horas de folga.<br \/>\nIlh\u00e9us, com sua localiza\u00e7\u00e3o extremamente ind\u00f3cil para certos  investimentos, a exemplo da TV Santa Cruz, Makro e Atacad\u00e3o, visto que a  cidade est\u00e1 totalmente &#8220;desligada&#8221; da via principal federal, a BR101.  Ilh\u00e9us n\u00e3o \u00e9 passagem para grandes e\/ou pequenas cidades. O isolamento  nosso serve para outras coisas e n\u00e3o para se instalar grandes mercados e  esta\u00e7\u00f5es de TV. E ainda culpam o ex-prefeito Jabes Ribeiro pela sa\u00edda  de algumas empresas daqui e das que n\u00e3o vieram.<br \/>\nDiferente de Itabuna \u00e0s margens da 101, faceando com pequenas cidades e  essas microcidades dependendo de Itabuna em menor ou maior grau \u00e9 que  observemos sua import\u00e2ncia para o entorno.<br \/>\nO complexo pode ser uma das sa\u00eddas para nossa cidade, uma cidade sem  \u00a0perspectiva real e de melhorias tamb\u00e9m reais. Hoje, ficamos \u00e0 merc\u00ea de  apenas uns poucos nichos econ\u00f4micos a saber: Supermercado, P\u00f3lo de  Inform\u00e1tica, \u00f4nibus e Com\u00e9rcio. Somente nessas \u00e1reas os jovens t\u00eam  esperan\u00e7a de trabalhar. Vale lembrar que Mercado (apenas um) tem uma  estrutura capaz de absorver um n\u00famero consider\u00e1vel de trabalhadores;  \u00d4nibus (temos duas empresas); P\u00f3lo de Inform\u00e1tica (Talv\u00eaz 3 empresas t\u00eam  acima de 50 funcion\u00e1rios, as outras variam de 2 a 10 funcion\u00e1rios);  Sobra o Com\u00e9rcio para absorver boa parte dos profissionais. (\u00e9 comum ver  pessoas no com\u00e9rcio que outrora trabalharam em empresas de inform\u00e1tica  seja no Caixa, Vendendor ou na Administra\u00e7\u00e3o).<br \/>\nPortanto, sugiro que antes de aladearmos que n\u00e3o queremos a constru\u00e7\u00e3o  de um empreendimento de grande porte em nossa cidade, devemos pensar n\u00e3o  apenas em n\u00f3s, mas tamb\u00e9m ouvir nossos jovens os quais ser\u00e3o os  profissionais de amanh\u00e3 e os que far\u00e3o de nossa sociedade, um lugar  melhor para viver. Quem viver ver\u00e1.<\/p>\n<p>alvaro couto<br \/>\nEstudante de Ciencias Sociais &#8211; UESC<\/p>\n","protected":false},"excerpt":{"rendered":"<p>Com investimentos de R$ 580 milh\u00f5es, os grupos Promon, Aterpa e Ecoluz ir\u00e3o implantar a usina termel\u00e9trica UTE SulBahia I, no munic\u00edpio de Eun\u00e1polis. A termel\u00e9trica a g\u00e1s natural ser\u00e1 a primeira do Brasil a utilizar-se do ciclo combinado Single-Shaft de g\u00e1s e vapor, econ\u00f4mico no consumo de g\u00e1s e com baix\u00edssima emiss\u00e3o de poluentes. [&hellip;]<\/p>\n","protected":false},"author":2,"featured_media":0,"comment_status":"open","ping_status":"open","sticky":false,"template":"","format":"standard","meta":{"_links_to":"","_links_to_target":""},"categories":[10],"tags":[],"_links":{"self":[{"href":"https:\/\/www.r2cpress.com.br\/v1\/wp-json\/wp\/v2\/posts\/16362"}],"collection":[{"href":"https:\/\/www.r2cpress.com.br\/v1\/wp-json\/wp\/v2\/posts"}],"about":[{"href":"https:\/\/www.r2cpress.com.br\/v1\/wp-json\/wp\/v2\/types\/post"}],"author":[{"embeddable":true,"href":"https:\/\/www.r2cpress.com.br\/v1\/wp-json\/wp\/v2\/users\/2"}],"replies":[{"embeddable":true,"href":"https:\/\/www.r2cpress.com.br\/v1\/wp-json\/wp\/v2\/comments?post=16362"}],"version-history":[{"count":4,"href":"https:\/\/www.r2cpress.com.br\/v1\/wp-json\/wp\/v2\/posts\/16362\/revisions"}],"predecessor-version":[{"id":16367,"href":"https:\/\/www.r2cpress.com.br\/v1\/wp-json\/wp\/v2\/posts\/16362\/revisions\/16367"}],"wp:attachment":[{"href":"https:\/\/www.r2cpress.com.br\/v1\/wp-json\/wp\/v2\/media?parent=16362"}],"wp:term":[{"taxonomy":"category","embeddable":true,"href":"https:\/\/www.r2cpress.com.br\/v1\/wp-json\/wp\/v2\/categories?post=16362"},{"taxonomy":"post_tag","embeddable":true,"href":"https:\/\/www.r2cpress.com.br\/v1\/wp-json\/wp\/v2\/tags?post=16362"}],"curies":[{"name":"wp","href":"https:\/\/api.w.org\/{rel}","templated":true}]}}