{"id":16382,"date":"2011-05-29T09:19:47","date_gmt":"2011-05-29T12:19:47","guid":{"rendered":"http:\/\/www.r2cpress.com.br\/v1\/?p=16382"},"modified":"2011-05-29T09:19:47","modified_gmt":"2011-05-29T12:19:47","slug":"regiao-sul-da-bahia-ganha-academia-de-letras-juridicas","status":"publish","type":"post","link":"https:\/\/www.r2cpress.com.br\/v1\/2011\/05\/29\/regiao-sul-da-bahia-ganha-academia-de-letras-juridicas\/","title":{"rendered":"Regi\u00e3o Sul da Bahia ganha Academia de Letras Jur\u00eddicas"},"content":{"rendered":"<p><div id=\"attachment_16383\" style=\"width: 200px\" class=\"wp-caption alignleft\"><a href=\"http:\/\/www.r2cpress.com.br\/v1\/wp-content\/uploads\/vercil-rodrigues.jpg\"><img aria-describedby=\"caption-attachment-16383\" loading=\"lazy\" src=\"http:\/\/www.r2cpress.com.br\/v1\/wp-content\/uploads\/vercil-rodrigues.jpg\" alt=\"\" title=\"vercil rodrigues\" width=\"190\" height=\"286\" class=\"size-full wp-image-16383\" \/><\/a><p id=\"caption-attachment-16383\" class=\"wp-caption-text\">Vercil Rodrigues<\/p><\/div>Idealizada pelo Bacharel em Direito e autor do livro Breves An\u00e1lises Jur\u00eddicas, Vercil Rodrigues, o Sul da Bahia ganhou no \u00faltimo dia 13 de maio, a primeira Academia de Letras Jur\u00eddicas do interior (e segunda do Estado), trata-se da ALJUSBA (Academia de Letras Jur\u00eddicas do Sul da Bahia).<\/p>\n<p>A ALJUSBA tem como finalidade, o estudo do Direito em todos os seus ramos e o aperfei\u00e7oamento e difus\u00e3o das Letras Jur\u00eddicas. Ela nasce tamb\u00e9m com o objetivo de reconhecer os profissionais que contribuem com a \u00e1rea de ensino-pesquisa e produ\u00e7\u00e3o liter\u00e1ria jur\u00eddica do Sul do Estado, alem do aprimoramento dessa nobre ci\u00eancia.<\/p>\n<p>Na hist\u00f3rica reuni\u00e3o de funda\u00e7\u00e3o do dia 13 de maio, foram aprovados o seu estatuto, o regimento interno, a logomarca, o bras\u00e3o, o nome de sua revista, o professor-advogado-jurista Francolino Gon\u00e7alves de Queiroz Neto como patrono da academia, sua sede provis\u00f3ria (Avenida Firmino Alves, n\u00ba 60, Edif\u00edcio M\u00f3dulo Center, Salas 1006\/1007, 10\u00ba andar, Centro, Itabuna \u2013 Bahia, CEP 45.600-185), a cria\u00e7\u00e3o do site e, foi eleita por voto secreto sua primeira diretoria administrativa, que figurar\u00e1 com Leandro Alves Coelho (presidente); Vercil Rodrigues (vice-presidente); Cosme Reis (diretor de biblioteca e arquivo), Paulo S\u00e9rgio Bomfim (secret\u00e1rio) e Jos\u00e9 Carlos Oliveira (tesoureiro). Nessa reuni\u00e3o tamb\u00e9m foram votados de uma lista contendo mais de 80 nomes, os 40 patronos, bem como foram votados os 40 imortais que ir\u00e3o ser convidados para fazer parte dessa Egr\u00e9gia Casa. <\/p>\n<p><strong>Fundadores<\/strong> &#8211; Al\u00e9m de Vercil Rodrigues, s\u00e3o membros fundadores da ALJUSBA, o advogado e professor de Direito Tribut\u00e1rio das Faculdades UNIME\/FACSUL e FTC Leandro Alves Coelho, o advogado e professor de Direito Penal, Cosme Jos\u00e9 dos Reis, o advogado e professor de Direito Civil da Faculdade de Tecnologia e Ci\u00eancias (FTC), Paulo S\u00e9rgio dos Santos Bonfim, o advogado, auditor fiscal do trabalho aposentado e membro-fundador da Academia Grapiuna de Letras (AGRAL) e membro-fundador da Academia Ma\u00e7\u00f4nica de Letras Ci\u00eancias e Artes da Regi\u00e3o Grapi\u00fana (Amalcarg) Jos\u00e9 Carlos Oliveira.<\/p>\n","protected":false},"excerpt":{"rendered":"<p>Idealizada pelo Bacharel em Direito e autor do livro Breves An\u00e1lises Jur\u00eddicas, Vercil Rodrigues, o Sul da Bahia ganhou no \u00faltimo dia 13 de maio, a primeira Academia de Letras Jur\u00eddicas do interior (e segunda do Estado), trata-se da ALJUSBA (Academia de Letras Jur\u00eddicas do Sul da Bahia). A ALJUSBA tem como finalidade, o estudo [&hellip;]<\/p>\n","protected":false},"author":2,"featured_media":0,"comment_status":"open","ping_status":"open","sticky":false,"template":"","format":"standard","meta":{"_links_to":"","_links_to_target":""},"categories":[1],"tags":[],"_links":{"self":[{"href":"https:\/\/www.r2cpress.com.br\/v1\/wp-json\/wp\/v2\/posts\/16382"}],"collection":[{"href":"https:\/\/www.r2cpress.com.br\/v1\/wp-json\/wp\/v2\/posts"}],"about":[{"href":"https:\/\/www.r2cpress.com.br\/v1\/wp-json\/wp\/v2\/types\/post"}],"author":[{"embeddable":true,"href":"https:\/\/www.r2cpress.com.br\/v1\/wp-json\/wp\/v2\/users\/2"}],"replies":[{"embeddable":true,"href":"https:\/\/www.r2cpress.com.br\/v1\/wp-json\/wp\/v2\/comments?post=16382"}],"version-history":[{"count":2,"href":"https:\/\/www.r2cpress.com.br\/v1\/wp-json\/wp\/v2\/posts\/16382\/revisions"}],"predecessor-version":[{"id":16385,"href":"https:\/\/www.r2cpress.com.br\/v1\/wp-json\/wp\/v2\/posts\/16382\/revisions\/16385"}],"wp:attachment":[{"href":"https:\/\/www.r2cpress.com.br\/v1\/wp-json\/wp\/v2\/media?parent=16382"}],"wp:term":[{"taxonomy":"category","embeddable":true,"href":"https:\/\/www.r2cpress.com.br\/v1\/wp-json\/wp\/v2\/categories?post=16382"},{"taxonomy":"post_tag","embeddable":true,"href":"https:\/\/www.r2cpress.com.br\/v1\/wp-json\/wp\/v2\/tags?post=16382"}],"curies":[{"name":"wp","href":"https:\/\/api.w.org\/{rel}","templated":true}]}}