{"id":16386,"date":"2011-05-29T10:45:12","date_gmt":"2011-05-29T13:45:12","guid":{"rendered":"http:\/\/www.r2cpress.com.br\/v1\/?p=16386"},"modified":"2011-05-29T10:45:12","modified_gmt":"2011-05-29T13:45:12","slug":"paulo-mourao-canta-hoje-domingo295-na-feira-ilheus-em-flor","status":"publish","type":"post","link":"https:\/\/www.r2cpress.com.br\/v1\/2011\/05\/29\/paulo-mourao-canta-hoje-domingo295-na-feira-ilheus-em-flor\/","title":{"rendered":"Paulo Mour\u00e3o canta HOJE, domingo(29\/5) na  Feira Ilh\u00e9us em Flor"},"content":{"rendered":"<p><strong>HOJE, DOMINGO, 29 DE MAIO, \u00c0S 19 HORAS,<br \/>\nNA FEIRA DAS FLORES DE ILH\u00c9US,<br \/>\nO VIOLEIRO PAULO MOUR\u00c3O FAZ SHOW .<br \/>\nENTRADA FRANCA. <\/strong><\/p>\n<p><center><a href=\"http:\/\/www.r2cpress.com.br\/v1\/wp-content\/uploads\/Paulo-Mour\u00e3o.jpg\"><img loading=\"lazy\" src=\"http:\/\/www.r2cpress.com.br\/v1\/wp-content\/uploads\/Paulo-Mour\u00e3o-300x225.jpg\" alt=\"\" title=\"Paulo Mour\u00e3o\" width=\"300\" height=\"225\" class=\"aligncenter size-medium wp-image-16388\" srcset=\"https:\/\/www.r2cpress.com.br\/v1\/wp-content\/uploads\/Paulo-Mour\u00e3o-300x225.jpg 300w, https:\/\/www.r2cpress.com.br\/v1\/wp-content\/uploads\/Paulo-Mour\u00e3o.jpg 680w\" sizes=\"(max-width: 300px) 100vw, 300px\" \/><\/a><\/center><br \/>\nMineiro de Belo Horizonte, o autor e int\u00e9rprete Paulo Mour\u00e3o fez da viola de 10 cordas sua aliada e mensageira. Em seu trabalho fala do Brasil e sua gente. Na bagagem, tr\u00eas CDs lan\u00e7ados: &#8220;Minas \u00e9 Gerais&#8221;, &#8220;Grande Viagem de Luz&#8221; e &#8220;Os Caboclos das Matas.<\/p>\n<p><center><strong>APARE\u00c7A! <\/strong><\/center><\/p>\n","protected":false},"excerpt":{"rendered":"<p>HOJE, DOMINGO, 29 DE MAIO, \u00c0S 19 HORAS, NA FEIRA DAS FLORES DE ILH\u00c9US, O VIOLEIRO PAULO MOUR\u00c3O FAZ SHOW . ENTRADA FRANCA. Mineiro de Belo Horizonte, o autor e int\u00e9rprete Paulo Mour\u00e3o fez da viola de 10 cordas sua aliada e mensageira. Em seu trabalho fala do Brasil e sua gente. Na bagagem, tr\u00eas [&hellip;]<\/p>\n","protected":false},"author":2,"featured_media":0,"comment_status":"open","ping_status":"open","sticky":false,"template":"","format":"standard","meta":{"_links_to":"","_links_to_target":""},"categories":[5],"tags":[],"_links":{"self":[{"href":"https:\/\/www.r2cpress.com.br\/v1\/wp-json\/wp\/v2\/posts\/16386"}],"collection":[{"href":"https:\/\/www.r2cpress.com.br\/v1\/wp-json\/wp\/v2\/posts"}],"about":[{"href":"https:\/\/www.r2cpress.com.br\/v1\/wp-json\/wp\/v2\/types\/post"}],"author":[{"embeddable":true,"href":"https:\/\/www.r2cpress.com.br\/v1\/wp-json\/wp\/v2\/users\/2"}],"replies":[{"embeddable":true,"href":"https:\/\/www.r2cpress.com.br\/v1\/wp-json\/wp\/v2\/comments?post=16386"}],"version-history":[{"count":6,"href":"https:\/\/www.r2cpress.com.br\/v1\/wp-json\/wp\/v2\/posts\/16386\/revisions"}],"predecessor-version":[{"id":16393,"href":"https:\/\/www.r2cpress.com.br\/v1\/wp-json\/wp\/v2\/posts\/16386\/revisions\/16393"}],"wp:attachment":[{"href":"https:\/\/www.r2cpress.com.br\/v1\/wp-json\/wp\/v2\/media?parent=16386"}],"wp:term":[{"taxonomy":"category","embeddable":true,"href":"https:\/\/www.r2cpress.com.br\/v1\/wp-json\/wp\/v2\/categories?post=16386"},{"taxonomy":"post_tag","embeddable":true,"href":"https:\/\/www.r2cpress.com.br\/v1\/wp-json\/wp\/v2\/tags?post=16386"}],"curies":[{"name":"wp","href":"https:\/\/api.w.org\/{rel}","templated":true}]}}